{"id":443,"date":"2026-01-23T19:50:52","date_gmt":"2026-01-23T19:50:52","guid":{"rendered":"https:\/\/www.newsrecorder.ro\/app\/2026\/01\/23\/friedrich-merz-respinge-ferm-planul-de-pace-al-lui-trump-pentru-germania\/"},"modified":"2026-01-23T19:50:52","modified_gmt":"2026-01-23T19:50:52","slug":"friedrich-merz-respinge-ferm-planul-de-pace-al-lui-trump-pentru-germania","status":"publish","type":"post","link":"https:\/\/www.newsrecorder.ro\/app\/2026\/01\/23\/friedrich-merz-respinge-ferm-planul-de-pace-al-lui-trump-pentru-germania\/","title":{"rendered":"Friedrich Merz respinge ferm planul de pace al lui Trump pentru Germania"},"content":{"rendered":"<p>Cancelarul german, Friedrich Merz, a declarat vineri c\u0103 este deschis s\u0103 participe la ini\u021biativa Consiliului de Pace propus\u0103 de pre\u0219edintele Donald Trump pentru F\u00e2\u0219ia Gaza. Totu\u0219i, el a subliniat c\u0103 nu poate sus\u021bine planul \u00een forma sa actual\u0103, conform unui articol publicat de <a href=\"https:\/\/www.reuters.com\/world\/europe\/merz-says-berlin-cannot-accept-trumps-board-peace-plan-current-form-2026-01-23\/\">Reuters<\/a>.<\/p>\n<p>\u201e\u00cen forma \u00een care este configurat \u00een prezent Consiliul pentru Pace, nu putem accepta structurile sale de guvernare \u00een Germania din motive constitu\u021bionale\u201d, a afirmat Merz \u00een cadrul unei conferin\u021be de pres\u0103 comune cu prim-ministrul italian Giorgia Meloni, desf\u0103\u0219urat\u0103 la Roma.<\/p>\n<p>Merz a ad\u0103ugat c\u0103 Germania este deschis\u0103 s\u0103 exploreze alte forme de cooperare cu Statele Unite, cu scopul de a identifica noi modalit\u0103\u021bi de a promova pacea \u00een diverse regiuni ale lumii. \u201eSuntem, desigur, preg\u0103ti\u021bi s\u0103 explor\u0103m forme noi de colaborare, dac\u0103 obiectivul este de a g\u0103si solu\u021bii care s\u0103 ne apropie de pace\u201d, a declarat el.<\/p>\n<p>\u00cen plus, Friedrich Merz a subliniat c\u0103 aceste noi formate de cooperare nu ar trebui s\u0103 se limiteze doar la F\u00e2\u0219ia Gaza \u0219i Orientul Mijlociu, ci ar putea fi extinse \u0219i \u00een alte zone conflictuale, cum ar fi Ucraina.<\/p>\n","protected":false},"excerpt":{"rendered":"<p>Cancelarul german, Friedrich Merz, a declarat vineri c\u0103 este deschis s\u0103 participe la ini\u021biativa Consiliului de Pace propus\u0103 de pre\u0219edintele Donald Trump pentru F\u00e2\u0219ia Gaza. Totu\u0219i, el a subliniat c\u0103 nu poate sus\u021bine planul \u00een forma sa actual\u0103, conform unui articol publicat de Reuters. \u201e\u00cen forma \u00een care este configurat \u00een prezent Consiliul pentru Pace, [&hellip;]<\/p>\n","protected":false},"author":2,"featured_media":444,"comment_status":"open","ping_status":"open","sticky":false,"template":"","format":"standard","meta":{"jnews-multi-image_gallery":[],"jnews_single_post":[],"jnews_primary_category":[],"jnews_override_counter":[],"footnotes":""},"categories":[41],"tags":[678,674,659,31,673,675,676,677],"class_list":["post-443","post","type-post","status-publish","format-standard","has-post-thumbnail","hentry","category-externe","tag-conferinta-de-presa","tag-consiliul-de-pace","tag-cooperare","tag-jnews_demo_donald-trump","tag-fasia-gaza","tag-friedrich-merz","tag-germania","tag-solutii-de-pace"],"_links":{"self":[{"href":"https:\/\/www.newsrecorder.ro\/app\/wp-json\/wp\/v2\/posts\/443","targetHints":{"allow":["GET"]}}],"collection":[{"href":"https:\/\/www.newsrecorder.ro\/app\/wp-json\/wp\/v2\/posts"}],"about":[{"href":"https:\/\/www.newsrecorder.ro\/app\/wp-json\/wp\/v2\/types\/post"}],"author":[{"embeddable":true,"href":"https:\/\/www.newsrecorder.ro\/app\/wp-json\/wp\/v2\/users\/2"}],"replies":[{"embeddable":true,"href":"https:\/\/www.newsrecorder.ro\/app\/wp-json\/wp\/v2\/comments?post=443"}],"version-history":[{"count":0,"href":"https:\/\/www.newsrecorder.ro\/app\/wp-json\/wp\/v2\/posts\/443\/revisions"}],"wp:featuredmedia":[{"embeddable":true,"href":"https:\/\/www.newsrecorder.ro\/app\/wp-json\/wp\/v2\/media\/444"}],"wp:attachment":[{"href":"https:\/\/www.newsrecorder.ro\/app\/wp-json\/wp\/v2\/media?parent=443"}],"wp:term":[{"taxonomy":"category","embeddable":true,"href":"https:\/\/www.newsrecorder.ro\/app\/wp-json\/wp\/v2\/categories?post=443"},{"taxonomy":"post_tag","embeddable":true,"href":"https:\/\/www.newsrecorder.ro\/app\/wp-json\/wp\/v2\/tags?post=443"}],"curies":[{"name":"wp","href":"https:\/\/api.w.org\/{rel}","templated":true}]}}