{"id":4452,"date":"2026-02-21T20:43:29","date_gmt":"2026-02-21T20:43:29","guid":{"rendered":"https:\/\/www.newsrecorder.ro\/app\/2026\/02\/21\/celebram-anul-brancusi-evenimente-speciale-in-tara-marelui-artist\/"},"modified":"2026-02-21T20:43:29","modified_gmt":"2026-02-21T20:43:29","slug":"celebram-anul-brancusi-evenimente-speciale-in-tara-marelui-artist","status":"publish","type":"post","link":"https:\/\/www.newsrecorder.ro\/app\/2026\/02\/21\/celebram-anul-brancusi-evenimente-speciale-in-tara-marelui-artist\/","title":{"rendered":"Celebr\u0103m Anul Br\u00e2ncu\u0219i: Evenimente speciale \u00een \u021bara marelui artist!"},"content":{"rendered":"<p>\u00cen anul 2026, Rom\u00e2nia va celebra cu m\u00e2ndrie <a href=\"https:\/\/www.mediafax.ro\/cultura-media\/tu-esti-brancusi-oglinda-gigant-poarta-sarutului-la-palatul-cesianu-racovita-brancusi-ne-priveste-pe-toti-23686395\">150 de ani de la na\u0219terea lui Constantin Br\u00e2ncu\u0219i<\/a>, recunoscut ca unul dintre cei mai influen\u021bi arti\u0219ti ai modernit\u0103\u021bii. Ministerul Culturii va coordona un program na\u021bional \u0219i interna\u021bional cu o serie de evenimente, expozi\u021bii, concerte \u0219i proiecte educa\u021bionale, toate menite s\u0103 aduc\u0103 \u00een centrul aten\u021biei opera \u0219i mo\u0219tenirea lui Br\u00e2ncu\u0219i.<\/p>\n<p>Programul pl\u0103nuie\u0219te s\u0103 reuneasc\u0103 ini\u021biative interdisciplinare, cre\u00e2nd un dialog \u00eentre crea\u021biile lui Br\u00e2ncu\u0219i \u0219i arta contemporan\u0103, eviden\u021biind astfel relevan\u021ba \u0219i impactul operei sale \u00een prezent.<\/p>\n<h2>Premii, expozi\u021bii \u0219i muzic\u0103 la Ministerul Culturii<\/h2>\n<p>Primul eveniment dedicat Anului Br\u00e2ncu\u0219i va avea loc pe 19 februarie 2026, la Ministerul Culturii. Aici, Filiala de Sculptur\u0103 a Uniunii Arti\u0219tilor Plastici din Bucure\u0219ti va organiza ceremonia de decernare a premiilor anuale.<\/p>\n<p>Programul va include o prezentare din partea prof. univ. dr. Cristian-Robert Velescu, un moment muzical live, precum \u0219i vernisajul unei expozi\u021bii de sculptur\u0103 ce va prezenta lucr\u0103rile lui Paul Barbu, Neculai P\u0103duraru \u0219i Adrian Piorescu.<\/p>\n<h2>Expozi\u021bii \u0219i proiecte interna\u021bionale<\/h2>\n<p>Evenimentele dedicate lui Br\u00e2ncu\u0219i nu se vor limita la grani\u021bele \u021b\u0103rii. Institutul Na\u021bional al Patrimoniului va itinerara expozi\u021bia \u201eBr\u00e2ncu\u0219i \u0219i muzele dansului\u201d \u00een Italia, Fran\u021ba, Marea Britanie \u0219i Spania, pun\u00e2nd \u00een eviden\u021b\u0103 conexiunea dintre sculptur\u0103, dans \u0219i mod\u0103, inspirat\u0103 de colaborarea artistului cu dansatoarea Lizica Codreanu.<\/p>\n<p>\u00cen Bucure\u0219ti, va avea loc \u201eCina Br\u00e2ncu\u0219i\u201d, o serat\u0103 cultural\u0103 avangardist\u0103 care va recrea atmosfera atelierului sculptorului din Paris, \u00eembin\u00e2nd dansul, muzica live \u0219i gastronomia conceptual\u0103.<\/p>\n<h2>Muzee \u0219i institu\u021bii culturale<\/h2>\n<p>Muzeul Na\u021bional de Art\u0103 al Rom\u00e2niei va organiza expozi\u021bii de amploare, printre care \u201eBr\u00e2ncu\u0219i ne prive\u0219te pe to\u021bi\u201d \u00een februarie 2026, precum \u0219i expozi\u021bia \u201eOriginile Infinitului\u201d la Roma. De asemenea, muzeul va participa la o retrospectiv\u0103 Br\u00e2ncu\u0219i la Berlin, unde va fi expus\u0103 sculptura <em>Somnul<\/em>.<\/p>\n<p>Biblioteca Na\u021bional\u0103 va preg\u0103ti o expozi\u021bie documentar\u0103 ce va include volume \u0219i publica\u021bii dedicate vie\u021bii \u0219i operei sculptorului. La T\u00e2rgu Jiu, Muzeul Na\u021bional Constantin Br\u00e2ncu\u0219i va deschide programul aniversar cu expozi\u021bia \u201eBR\u00c2NCU\u0218I 150\u201d, care va reuni lucr\u0103rile a 29 de graficieni contemporani dintr-un proiect interna\u021bional desf\u0103\u0219urat \u00een 21 de \u021b\u0103ri. Vernisajul va avea loc \u00een prezen\u021ba ministrului culturii, Andr\u00e1s Istv\u00e1n Demeter.<\/p>\n<h2>Muzic\u0103, teatru \u0219i mod\u0103 inspirate de Br\u00e2ncu\u0219i<\/h2>\n<p>Anul aniversar va include \u0219i o serie de proiecte interdisciplinare, cum ar fi:<\/p>\n<ul>\n<li>Festivalul World New Music Days 2026, ce va avea tema <em>Coloana Infinit\u0103<\/em><\/li>\n<li>Recitalul \u201eBr\u00e2ncu\u0219i 150\u201d organizat de Muzeul Na\u021bional George Enescu<\/li>\n<li>Expozi\u021bii la Muzeul \u021a\u0103ranului Rom\u00e2n, ce vor traduce formele br\u00e2ncu\u0219iene \u00een limbaj vestimentar \u0219i multimedia<\/li>\n<li>Spectacolul <em>Cantafabule<\/em> la Teatrul Na\u021bional de Operet\u0103 \u201eIon Dacian\u201d, care va integra simbolistica br\u00e2ncu\u0219ian\u0103<\/li>\n<li>O produc\u021bie scenic\u0103 dedicat\u0103 vie\u021bii sculptorului, preg\u0103tit\u0103 de Teatrul Na\u021bional Timi\u0219oara \u0219i Opera Na\u021bional\u0103 Bucure\u0219ti<\/li>\n<\/ul>\n<p>Centrul de Cultur\u0103 \u201eGeorge Apostu\u201d va organiza simpozioane, masterclassuri \u0219i expozi\u021bii dedicate genera\u021biei contemporane, iar Muzeul Na\u021bional Pele\u0219 va preg\u0103ti expozi\u021bia \u201eMarele Omagiu adus lui Br\u00e2ncu\u0219i\u201d. De-a lungul anului, vor avea loc conferin\u021be, trienale \u0219i gale dedicate sculpturii, culmin\u00e2nd cu Gala \u201eConstantin Br\u00e2ncu\u0219i\u201d ce se va desf\u0103\u0219ura \u00een noiembrie 2026.<\/p>\n","protected":false},"excerpt":{"rendered":"<p>\u00cen anul 2026, Rom\u00e2nia va celebra cu m\u00e2ndrie 150 de ani de la na\u0219terea lui Constantin Br\u00e2ncu\u0219i, recunoscut ca unul dintre cei mai influen\u021bi arti\u0219ti ai modernit\u0103\u021bii. Ministerul Culturii va coordona un program na\u021bional \u0219i interna\u021bional cu o serie de evenimente, expozi\u021bii, concerte \u0219i proiecte educa\u021bionale, toate menite s\u0103 aduc\u0103 \u00een centrul aten\u021biei opera \u0219i [&hellip;]<\/p>\n","protected":false},"author":7,"featured_media":4453,"comment_status":"open","ping_status":"open","sticky":false,"template":"","format":"standard","meta":{"jnews-multi-image_gallery":[],"jnews_single_post":[],"jnews_primary_category":[],"jnews_override_counter":[],"footnotes":""},"categories":[43],"tags":[6670,6168,4862,6913,6169,2835,5658,578],"class_list":["post-4452","post","type-post","status-publish","format-standard","has-post-thumbnail","hentry","category-cultura","tag-150-de-ani","tag-arta-contemporana","tag-brancusi","tag-evenimente","tag-expozitii","tag-ministerul-culturii","tag-mostenire","tag-premii"],"_links":{"self":[{"href":"https:\/\/www.newsrecorder.ro\/app\/wp-json\/wp\/v2\/posts\/4452","targetHints":{"allow":["GET"]}}],"collection":[{"href":"https:\/\/www.newsrecorder.ro\/app\/wp-json\/wp\/v2\/posts"}],"about":[{"href":"https:\/\/www.newsrecorder.ro\/app\/wp-json\/wp\/v2\/types\/post"}],"author":[{"embeddable":true,"href":"https:\/\/www.newsrecorder.ro\/app\/wp-json\/wp\/v2\/users\/7"}],"replies":[{"embeddable":true,"href":"https:\/\/www.newsrecorder.ro\/app\/wp-json\/wp\/v2\/comments?post=4452"}],"version-history":[{"count":0,"href":"https:\/\/www.newsrecorder.ro\/app\/wp-json\/wp\/v2\/posts\/4452\/revisions"}],"wp:featuredmedia":[{"embeddable":true,"href":"https:\/\/www.newsrecorder.ro\/app\/wp-json\/wp\/v2\/media\/4453"}],"wp:attachment":[{"href":"https:\/\/www.newsrecorder.ro\/app\/wp-json\/wp\/v2\/media?parent=4452"}],"wp:term":[{"taxonomy":"category","embeddable":true,"href":"https:\/\/www.newsrecorder.ro\/app\/wp-json\/wp\/v2\/categories?post=4452"},{"taxonomy":"post_tag","embeddable":true,"href":"https:\/\/www.newsrecorder.ro\/app\/wp-json\/wp\/v2\/tags?post=4452"}],"curies":[{"name":"wp","href":"https:\/\/api.w.org\/{rel}","templated":true}]}}