{"id":447,"date":"2026-01-23T19:51:33","date_gmt":"2026-01-23T19:51:33","guid":{"rendered":"https:\/\/www.newsrecorder.ro\/app\/2026\/01\/23\/proprietarul-barului-elvetian-ars-de-anul-nou-eliberat-din-inchisoare\/"},"modified":"2026-01-23T19:51:33","modified_gmt":"2026-01-23T19:51:33","slug":"proprietarul-barului-elvetian-ars-de-anul-nou-eliberat-din-inchisoare","status":"publish","type":"post","link":"https:\/\/www.newsrecorder.ro\/app\/2026\/01\/23\/proprietarul-barului-elvetian-ars-de-anul-nou-eliberat-din-inchisoare\/","title":{"rendered":"Proprietarul barului elve\u021bian ars de Anul Nou, eliberat din \u00eenchisoare!"},"content":{"rendered":"<p>Pe 9 ianuarie, Jacques Moretti a fost re\u021binut preventiv, iar trei zile mai t\u00e2rziu, instan\u021ba a decis men\u021binerea acestei m\u0103suri pentru o perioad\u0103 de trei luni. Echipa de ap\u0103rare a coproprietarilor barului distrus \u00een urma unui incendiu a solicitat eliberarea lui, propun\u00e2nd mai multe condi\u021bii, printre care \u0219i plata unei cau\u021biuni de aproximativ 215.000 de euro, conform informa\u021biilor furnizate de <a href=\"https:\/\/www.lefigaro.fr\/faits-divers\/incendie-de-crans-montana-la-justice-ordonne-la-remise-en-liberte-de-jacques-moretti-coproprietaire-du-constellation-20260123\" target=\"_blank\" rel=\"noopener\">Le Figaro<\/a>.<\/p>\n<p>Un cunoscut al lui Jacques Moretti, care a preferat s\u0103 r\u0103m\u00e2n\u0103 anonim, s-a oferit s\u0103 suporte suma necesar\u0103, ceea ce a contribuit probabil la eliberarea sa.<\/p>\n<p>Instan\u021ba a impus c\u00e2teva restric\u021bii lui Jacques Moretti, printre care se num\u0103r\u0103 interdic\u021bia de a p\u0103r\u0103si teritoriul elve\u021bian, obliga\u021bia de a preda toate documentele de identitate \u0219i obliga\u021bia de a se prezenta zilnic la o sec\u021bie de poli\u021bie.<\/p>\n<p>Avoca\u021bii familiilor victimelor au cerut cu insisten\u021b\u0103 aceast\u0103 m\u0103sur\u0103 de privare de libertate, exprim\u00e2ndu-\u0219i dezacordul fa\u021b\u0103 de modul \u00een care autorit\u0103\u021bile cantonale au gestionat situa\u021bia, \u00een special \u00een ceea ce prive\u0219te libertatea acordat\u0103 cuplului proprietar al barului.<\/p>\n<p>\u201eAceasta este o decizie nea\u0219teptat\u0103 \u0219i extrem de \u0219ocant\u0103 pentru clientul meu \u0219i pentru familiile victimelor\u201d, a declarat avocatul Christophe de Galembert pentru Le Figaro. \u201eA trecut doar o lun\u0103 de la tragedie, iar ancheta este abia la \u00eenceput. Exist\u0103 suspiciuni foarte serioase care \u00eel vizeaz\u0103 pe Jacques Moretti. Instan\u021ba care supravegheaz\u0103 arestul preventiv a decis s\u0103 \u00eel elibereze, consider\u00e2nd c\u0103 nu exist\u0103 riscuri de fug\u0103, \u00een special c\u0103tre Fran\u021ba sau Corsica, unde inculpatul are leg\u0103turi cunoscute. De asemenea, se ridic\u0103 \u00eentreb\u0103ri cu privire la absen\u021ba riscurilor de coluziune, fie cu ter\u021bi, fie \u00eentre cei doi so\u021bi Moretti.\u201d<\/p>\n<p>\u00cen cazul so\u021biei sale, Jessica Moretti, acuzarea a sugerat c\u0103 \u201eav\u00e2nd \u00een vedere trecutul \u0219i conexiunile sale personale, o cerere de m\u0103suri alternative ar putea reduce riscul de fug\u0103\u201d.<\/p>\n<p>Aceast\u0103 afirma\u021bie a fost f\u0103cut\u0103 dup\u0103 ce cuplul a fost supus unor interogatorii prelungite \u00een timpul audierilor desf\u0103\u0219urate mar\u021bi \u0219i miercuri. Despre Jacques Moretti, avocatul Jos\u00e9 Coret, care reprezint\u0103 \u0219ase victime \u0219i familiile acestora, a declarat: \u201eAm considerat c\u0103 este o persoan\u0103 care nu a evitat \u00eentreb\u0103rile \u0219i a r\u0103spuns la toate.\u201d Avoca\u021bii ap\u0103r\u0103rii, al\u0103turi de Jessica Moretti, au refuzat s\u0103 ofere declara\u021bii suplimentare.<\/p>\n","protected":false},"excerpt":{"rendered":"<p>Pe 9 ianuarie, Jacques Moretti a fost re\u021binut preventiv, iar trei zile mai t\u00e2rziu, instan\u021ba a decis men\u021binerea acestei m\u0103suri pentru o perioad\u0103 de trei luni. Echipa de ap\u0103rare a coproprietarilor barului distrus \u00een urma unui incendiu a solicitat eliberarea lui, propun\u00e2nd mai multe condi\u021bii, printre care \u0219i plata unei cau\u021biuni de aproximativ 215.000 de [&hellip;]<\/p>\n","protected":false},"author":2,"featured_media":448,"comment_status":"open","ping_status":"open","sticky":false,"template":"","format":"standard","meta":{"jnews-multi-image_gallery":[],"jnews_single_post":[],"jnews_primary_category":[],"jnews_override_counter":[],"footnotes":""},"categories":[41],"tags":[690,691,689,693,687,692,688,694],"class_list":["post-447","post","type-post","status-publish","format-standard","has-post-thumbnail","hentry","category-externe","tag-cautiune","tag-eliberare","tag-incendiu","tag-instanta","tag-jacques-moretti","tag-restrictii","tag-retinere-preventiva","tag-victime"],"_links":{"self":[{"href":"https:\/\/www.newsrecorder.ro\/app\/wp-json\/wp\/v2\/posts\/447","targetHints":{"allow":["GET"]}}],"collection":[{"href":"https:\/\/www.newsrecorder.ro\/app\/wp-json\/wp\/v2\/posts"}],"about":[{"href":"https:\/\/www.newsrecorder.ro\/app\/wp-json\/wp\/v2\/types\/post"}],"author":[{"embeddable":true,"href":"https:\/\/www.newsrecorder.ro\/app\/wp-json\/wp\/v2\/users\/2"}],"replies":[{"embeddable":true,"href":"https:\/\/www.newsrecorder.ro\/app\/wp-json\/wp\/v2\/comments?post=447"}],"version-history":[{"count":0,"href":"https:\/\/www.newsrecorder.ro\/app\/wp-json\/wp\/v2\/posts\/447\/revisions"}],"wp:featuredmedia":[{"embeddable":true,"href":"https:\/\/www.newsrecorder.ro\/app\/wp-json\/wp\/v2\/media\/448"}],"wp:attachment":[{"href":"https:\/\/www.newsrecorder.ro\/app\/wp-json\/wp\/v2\/media?parent=447"}],"wp:term":[{"taxonomy":"category","embeddable":true,"href":"https:\/\/www.newsrecorder.ro\/app\/wp-json\/wp\/v2\/categories?post=447"},{"taxonomy":"post_tag","embeddable":true,"href":"https:\/\/www.newsrecorder.ro\/app\/wp-json\/wp\/v2\/tags?post=447"}],"curies":[{"name":"wp","href":"https:\/\/api.w.org\/{rel}","templated":true}]}}