{"id":449,"date":"2026-01-23T19:51:54","date_gmt":"2026-01-23T19:51:54","guid":{"rendered":"https:\/\/www.newsrecorder.ro\/app\/2026\/01\/23\/christine-lagarde-datoram-dusmanilor-nostri-avansul-europei\/"},"modified":"2026-01-23T19:51:54","modified_gmt":"2026-01-23T19:51:54","slug":"christine-lagarde-datoram-dusmanilor-nostri-avansul-europei","status":"publish","type":"post","link":"https:\/\/www.newsrecorder.ro\/app\/2026\/01\/23\/christine-lagarde-datoram-dusmanilor-nostri-avansul-europei\/","title":{"rendered":"Christine Lagarde: Dator\u0103m du\u015fmanilor no\u0219tri avansul Europei!"},"content":{"rendered":"<p>Pre\u0219edinta B\u0103ncii Centrale Europene, Christine Lagarde, a transmis vineri un mesaj surprinz\u0103tor criticilor s\u0103i din Europa: mul\u021bumiri.<\/p>\n<p>\u00cen cadrul Forumului Economic Mondial, <a href=\"https:\/\/www.politico.eu\/article\/ecb-christine-lagarde-us-criticism-europe\/\">Christine Lagarde<\/a> a fost \u00eentrebat\u0103 despre impactul criticilor venite din partea pre\u0219edintelui american Donald Trump \u0219i a altor oficiali ai administra\u021biei sale asupra rela\u021biilor transatlantice. Aceasta a declarat c\u0103, \u00een ciuda criticilor frecvente, exist\u0103 un aspect pozitiv care merit\u0103 recunoscut.<\/p>\n<p>\u201eAm auzit multe critici adresate Europei \u00een ultimele zile. \u00cens\u0103, dac\u0103 ar fi s\u0103 spun ceva, a fost un lucru benefic \u0219i ar trebui s\u0103 le mul\u021bumim celor care ne-au criticat. Ace\u0219tia ne-au f\u0103cut s\u0103 realiz\u0103m c\u0103 trebuie s\u0103 fim mai concentra\u021bi\u201d, a afirmat <a href=\"https:\/\/www.mediafax.ro\/economic\/lagarde-presedinta-bancii-centrale-europene-avertizeaza-americanii-ca-vor-plati-pretul-tarifelor-23674333\">Christine Lagarde<\/a>.<\/p>\n<p>Pe parcursul summitului de la Davos, Donald Trump a declarat c\u0103 Europa nu se \u00eendreapt\u0103 \u00een \u201edirec\u021bia corect\u0103\u201d. De asemenea, secretarul Trezoreriei SUA, Scott Bessent, a caracterizat Danemarca drept \u201eirelevant\u0103\u201d, iar secretarul Comer\u021bului, Howard Lutnick, a criticat Europa \u00een timpul unei cine cu oficiali europeni \u0219i lideri de afaceri. Potrivit surselor, Christine Lagarde a p\u0103r\u0103sit acea \u00eent\u00e2lnire ca form\u0103 de protest.<\/p>\n<p>Cu toate acestea, Christine Lagarde a subliniat c\u0103 are o \u201econvingere foarte, foarte puternic\u0103\u201d c\u0103 europenii \u0219i americanii \u00eemp\u0103rt\u0103\u0219esc valori comune \u0219i c\u0103, \u00een cele din urm\u0103, trebuie s\u0103 colaboreze. \u201ePersonal, \u0219i poate c\u0103 este vorba de latura mea emo\u021bional\u0103, \u00eemi cer scuze pentru asta, noi, femeile, tindem s\u0103 fim emo\u021bionale, cred c\u0103 trebuie s\u0103 ne g\u00e2ndim la oameni\u201d, a ad\u0103ugat ea.<\/p>\n<p>\u201eAm o \u00eencredere \u0219i o afec\u021biune enorm\u0103 pentru poporul american \u0219i \u0219tiu c\u0103, \u00een cele din urm\u0103, valorile profund \u00eenr\u0103d\u0103cinate vor prevala\u201d, a continuat Lagarde. Aceasta a subliniat importan\u021ba leg\u0103turilor transatlantice \u00een fa\u021ba provoc\u0103rilor actuale.<\/p>\n<p>\u00cen aceast\u0103 s\u0103pt\u0103m\u00e2n\u0103, liderii europeni au depus eforturi pentru a g\u0103si solu\u021bii \u00een fa\u021ba unei administra\u021bii americane tot mai ostile. Aceste eforturi au inclus organizarea unui summit joi seara, destinat discu\u021biilor despre contram\u0103suri \u00een cazul \u00een care Trump, care a abandonat amenin\u021barea de a impune tarife \u021b\u0103rilor europene ce s-au opus achizi\u021biei Groenlandei, ar decide s\u0103 treac\u0103 la ac\u021biune \u00een viitor.<\/p>\n","protected":false},"excerpt":{"rendered":"<p>Pre\u0219edinta B\u0103ncii Centrale Europene, Christine Lagarde, a transmis vineri un mesaj surprinz\u0103tor criticilor s\u0103i din Europa: mul\u021bumiri. \u00cen cadrul Forumului Economic Mondial, Christine Lagarde a fost \u00eentrebat\u0103 despre impactul criticilor venite din partea pre\u0219edintelui american Donald Trump \u0219i a altor oficiali ai administra\u021biei sale asupra rela\u021biilor transatlantice. Aceasta a declarat c\u0103, \u00een ciuda criticilor frecvente, [&hellip;]<\/p>\n","protected":false},"author":2,"featured_media":450,"comment_status":"open","ping_status":"open","sticky":false,"template":"","format":"standard","meta":{"jnews-multi-image_gallery":[],"jnews_single_post":[],"jnews_primary_category":[],"jnews_override_counter":[],"footnotes":""},"categories":[41],"tags":[695,696,697,31,699,514,698,657],"class_list":["post-449","post","type-post","status-publish","format-standard","has-post-thumbnail","hentry","category-externe","tag-banca-centrala-europeana","tag-christine-lagarde","tag-critici","tag-jnews_demo_donald-trump","tag-europa","tag-forum-economic-mondial","tag-relatii-transatlantice","tag-summit-davos"],"_links":{"self":[{"href":"https:\/\/www.newsrecorder.ro\/app\/wp-json\/wp\/v2\/posts\/449","targetHints":{"allow":["GET"]}}],"collection":[{"href":"https:\/\/www.newsrecorder.ro\/app\/wp-json\/wp\/v2\/posts"}],"about":[{"href":"https:\/\/www.newsrecorder.ro\/app\/wp-json\/wp\/v2\/types\/post"}],"author":[{"embeddable":true,"href":"https:\/\/www.newsrecorder.ro\/app\/wp-json\/wp\/v2\/users\/2"}],"replies":[{"embeddable":true,"href":"https:\/\/www.newsrecorder.ro\/app\/wp-json\/wp\/v2\/comments?post=449"}],"version-history":[{"count":0,"href":"https:\/\/www.newsrecorder.ro\/app\/wp-json\/wp\/v2\/posts\/449\/revisions"}],"wp:featuredmedia":[{"embeddable":true,"href":"https:\/\/www.newsrecorder.ro\/app\/wp-json\/wp\/v2\/media\/450"}],"wp:attachment":[{"href":"https:\/\/www.newsrecorder.ro\/app\/wp-json\/wp\/v2\/media?parent=449"}],"wp:term":[{"taxonomy":"category","embeddable":true,"href":"https:\/\/www.newsrecorder.ro\/app\/wp-json\/wp\/v2\/categories?post=449"},{"taxonomy":"post_tag","embeddable":true,"href":"https:\/\/www.newsrecorder.ro\/app\/wp-json\/wp\/v2\/tags?post=449"}],"curies":[{"name":"wp","href":"https:\/\/api.w.org\/{rel}","templated":true}]}}