{"id":4490,"date":"2026-02-22T06:21:36","date_gmt":"2026-02-22T06:21:36","guid":{"rendered":"https:\/\/www.newsrecorder.ro\/app\/2026\/02\/22\/franta-raspunde-provocarii-lui-trump-unita-in-fata-noii-taxe-vamale\/"},"modified":"2026-02-22T06:21:36","modified_gmt":"2026-02-22T06:21:36","slug":"franta-raspunde-provocarii-lui-trump-unita-in-fata-noii-taxe-vamale","status":"publish","type":"post","link":"https:\/\/www.newsrecorder.ro\/app\/2026\/02\/22\/franta-raspunde-provocarii-lui-trump-unita-in-fata-noii-taxe-vamale\/","title":{"rendered":"Fran\u021ba r\u0103spunde provoc\u0103rii lui Trump: Unit\u0103 \u00een fa\u021ba noii taxe vamale!"},"content":{"rendered":"<p>Ministrul francez al Comer\u021bului, Nicolas Forissier, a subliniat s\u00e2mb\u0103t\u0103 importan\u021ba adopt\u0103rii unei pozi\u021bii comune din partea Uniunii Europene \u00een fa\u021ba noilor taxe impuse de Statele Unite. \u201eO abordare unitar\u0103 a Uniunii Europene va fi necesar\u0103\u201d, a declarat oficialul francez, adres\u00e2ndu-se agen\u021biei <a href=\"https:\/\/www.lefigaro.fr\/conjoncture\/nouvelle-taxe-mondiale-de-trump-a-15-la-france-souhaite-une-reaction-unie-de-l-ue-20260221\">AFP<\/a>.<\/p>\n<p>Forissier a subliniat, de asemenea, necesitatea implement\u0103rii unor m\u0103suri reciproce din partea Uniunii Europene, \u00eentr-un articol publicat \u00een Financial Times. Aceste m\u0103suri ar putea ajuta la contracararea efectelor noilor taxe americane.<\/p>\n<p>\u00cen aceea\u0219i not\u0103, cancelarul Germaniei, Friedrich Merz, a anun\u021bat c\u0103 va ini\u021bia discu\u021bii cu partenerii europeni pentru a formula un r\u0103spuns comun \u00eenainte de \u00eent\u00e2lnirea cu liderul de la Washington. \u201eVom avea o pozi\u021bie european\u0103 foarte clar\u0103 cu privire la aceast\u0103 chestiune, deoarece politica vamal\u0103 \u021bine de competen\u021ba Uniunii Europene, nu a statelor membre individuale\u201d, a afirmat Merz.<\/p>\n<p>Aceste declara\u021bii au fost formulate dup\u0103 ce <a style=\"color: #0000ff\" href=\"https:\/\/www.mediafax.ro\/stirile-zilei\/trump-majoreaza-tarifele-globale-la-15-dupa-infrangerea-de-la-ccr-ul-american-23690779\">Donald Trump<\/a> a anun\u021bat o cre\u0219tere a noii taxe vamale globale la 15%, de la 10%. Aceast\u0103 decizie a venit la o zi dup\u0103 ce Curtea Suprem\u0103 a respins m\u0103sura tarifelor comerciale extinse, care urma s\u0103 intre \u00een vigoare \u00een aprilie 2025.<\/p>\n","protected":false},"excerpt":{"rendered":"<p>Ministrul francez al Comer\u021bului, Nicolas Forissier, a subliniat s\u00e2mb\u0103t\u0103 importan\u021ba adopt\u0103rii unei pozi\u021bii comune din partea Uniunii Europene \u00een fa\u021ba noilor taxe impuse de Statele Unite. \u201eO abordare unitar\u0103 a Uniunii Europene va fi necesar\u0103\u201d, a declarat oficialul francez, adres\u00e2ndu-se agen\u021biei AFP. Forissier a subliniat, de asemenea, necesitatea implement\u0103rii unor m\u0103suri reciproce din partea Uniunii [&hellip;]<\/p>\n","protected":false},"author":2,"featured_media":4491,"comment_status":"open","ping_status":"open","sticky":false,"template":"","format":"standard","meta":{"jnews-multi-image_gallery":[],"jnews_single_post":[],"jnews_primary_category":[],"jnews_override_counter":[],"footnotes":""},"categories":[41],"tags":[875,6965,6963,6962,6964,6966,6961,321],"class_list":["post-4490","post","type-post","status-publish","format-standard","has-post-thumbnail","hentry","category-externe","tag-comert","tag-fridrich-merz","tag-masuri-reciproce","tag-nicolas-forissier","tag-politica-vamala","tag-pozitie-comuna","tag-taxe-americane","tag-uniunea-europeana"],"_links":{"self":[{"href":"https:\/\/www.newsrecorder.ro\/app\/wp-json\/wp\/v2\/posts\/4490","targetHints":{"allow":["GET"]}}],"collection":[{"href":"https:\/\/www.newsrecorder.ro\/app\/wp-json\/wp\/v2\/posts"}],"about":[{"href":"https:\/\/www.newsrecorder.ro\/app\/wp-json\/wp\/v2\/types\/post"}],"author":[{"embeddable":true,"href":"https:\/\/www.newsrecorder.ro\/app\/wp-json\/wp\/v2\/users\/2"}],"replies":[{"embeddable":true,"href":"https:\/\/www.newsrecorder.ro\/app\/wp-json\/wp\/v2\/comments?post=4490"}],"version-history":[{"count":0,"href":"https:\/\/www.newsrecorder.ro\/app\/wp-json\/wp\/v2\/posts\/4490\/revisions"}],"wp:featuredmedia":[{"embeddable":true,"href":"https:\/\/www.newsrecorder.ro\/app\/wp-json\/wp\/v2\/media\/4491"}],"wp:attachment":[{"href":"https:\/\/www.newsrecorder.ro\/app\/wp-json\/wp\/v2\/media?parent=4490"}],"wp:term":[{"taxonomy":"category","embeddable":true,"href":"https:\/\/www.newsrecorder.ro\/app\/wp-json\/wp\/v2\/categories?post=4490"},{"taxonomy":"post_tag","embeddable":true,"href":"https:\/\/www.newsrecorder.ro\/app\/wp-json\/wp\/v2\/tags?post=4490"}],"curies":[{"name":"wp","href":"https:\/\/api.w.org\/{rel}","templated":true}]}}