{"id":4498,"date":"2026-02-22T06:22:50","date_gmt":"2026-02-22T06:22:50","guid":{"rendered":"https:\/\/www.newsrecorder.ro\/app\/2026\/02\/22\/tragedie-in-prahova-acoperisul-saivanului-s-a-prabusit-30-de-animale-moarte\/"},"modified":"2026-02-22T06:22:50","modified_gmt":"2026-02-22T06:22:50","slug":"tragedie-in-prahova-acoperisul-saivanului-s-a-prabusit-30-de-animale-moarte","status":"publish","type":"post","link":"https:\/\/www.newsrecorder.ro\/app\/2026\/02\/22\/tragedie-in-prahova-acoperisul-saivanului-s-a-prabusit-30-de-animale-moarte\/","title":{"rendered":"Tragedie \u00een Prahova: Acoperi\u0219ul saivanului s-a pr\u0103bu\u0219it, 30 de animale moarte!"},"content":{"rendered":"<p>\u00cen seara de s\u00e2mb\u0103t\u0103, un incident dramatic a avut loc \u00een satul Vadu P\u0103rului, conform informa\u021biilor furnizate de ISU Prahova. Un saivan de aproximativ 500 de metri p\u0103tra\u021bi a fost grav afectat, iar interven\u021bia echipajelor de urgen\u021b\u0103 a fost esen\u021bial\u0103.<\/p>\n<p>Pentru a gestiona situa\u021bia, pompierii au mobilizat rapid dou\u0103 autospeciale de stingere, o ambulan\u021b\u0103 SMURD, precum \u0219i un echipaj de descarcerare. De asemenea, au fost alocate o autospecial\u0103 de prim\u0103 interven\u021bie \u0219i o unitate de comand\u0103 pentru a coordona ac\u021biunile de salvare.<\/p>\n<p>Saivanul, care ad\u0103postea \u00een jur de 400 de oi \u0219i capre, a fost grav afectat de pr\u0103bu\u0219irea acoperi\u0219ului. Din nefericire, \u00een urma acestui incident, aproximativ 30 de animale au fost g\u0103site f\u0103r\u0103 via\u021b\u0103. Restul animalelor au fost evacuate de echipele de interven\u021bie sau au reu\u0219it s\u0103 se elibereze singure din ruin\u0103.<\/p>\n<p>Speciali\u0219tii au concluzionat c\u0103 pr\u0103bu\u0219irea acoperi\u0219ului a fost cauzat\u0103 de greutatea z\u0103pezii acumulate pe structura acestuia, eviden\u021biind astfel riscurile pe care condi\u021biile meteorologice extreme le pot aduce asupra construc\u021biilor agricole.<\/p>\n","protected":false},"excerpt":{"rendered":"<p>\u00cen seara de s\u00e2mb\u0103t\u0103, un incident dramatic a avut loc \u00een satul Vadu P\u0103rului, conform informa\u021biilor furnizate de ISU Prahova. Un saivan de aproximativ 500 de metri p\u0103tra\u021bi a fost grav afectat, iar interven\u021bia echipajelor de urgen\u021b\u0103 a fost esen\u021bial\u0103. Pentru a gestiona situa\u021bia, pompierii au mobilizat rapid dou\u0103 autospeciale de stingere, o ambulan\u021b\u0103 SMURD, [&hellip;]<\/p>\n","protected":false},"author":2,"featured_media":4499,"comment_status":"open","ping_status":"open","sticky":false,"template":"","format":"standard","meta":{"jnews-multi-image_gallery":[],"jnews_single_post":[],"jnews_primary_category":[],"jnews_override_counter":[],"footnotes":""},"categories":[39],"tags":[2335,88,2437,6979,3039,2833,6978,6977],"class_list":["post-4498","post","type-post","status-publish","format-standard","has-post-thumbnail","hentry","category-stirile-zilei","tag-animale","tag-incidente","tag-interventie","tag-isu-prahova","tag-pompieri","tag-prabusire","tag-saivan","tag-vadu-parului"],"_links":{"self":[{"href":"https:\/\/www.newsrecorder.ro\/app\/wp-json\/wp\/v2\/posts\/4498","targetHints":{"allow":["GET"]}}],"collection":[{"href":"https:\/\/www.newsrecorder.ro\/app\/wp-json\/wp\/v2\/posts"}],"about":[{"href":"https:\/\/www.newsrecorder.ro\/app\/wp-json\/wp\/v2\/types\/post"}],"author":[{"embeddable":true,"href":"https:\/\/www.newsrecorder.ro\/app\/wp-json\/wp\/v2\/users\/2"}],"replies":[{"embeddable":true,"href":"https:\/\/www.newsrecorder.ro\/app\/wp-json\/wp\/v2\/comments?post=4498"}],"version-history":[{"count":0,"href":"https:\/\/www.newsrecorder.ro\/app\/wp-json\/wp\/v2\/posts\/4498\/revisions"}],"wp:featuredmedia":[{"embeddable":true,"href":"https:\/\/www.newsrecorder.ro\/app\/wp-json\/wp\/v2\/media\/4499"}],"wp:attachment":[{"href":"https:\/\/www.newsrecorder.ro\/app\/wp-json\/wp\/v2\/media?parent=4498"}],"wp:term":[{"taxonomy":"category","embeddable":true,"href":"https:\/\/www.newsrecorder.ro\/app\/wp-json\/wp\/v2\/categories?post=4498"},{"taxonomy":"post_tag","embeddable":true,"href":"https:\/\/www.newsrecorder.ro\/app\/wp-json\/wp\/v2\/tags?post=4498"}],"curies":[{"name":"wp","href":"https:\/\/api.w.org\/{rel}","templated":true}]}}