{"id":4510,"date":"2026-02-22T13:41:48","date_gmt":"2026-02-22T13:41:48","guid":{"rendered":"https:\/\/www.newsrecorder.ro\/app\/2026\/02\/22\/cristina-pirv-dezvaluie-o-experienta-incredibila-intr-un-mall-din-brazilia\/"},"modified":"2026-02-22T13:41:48","modified_gmt":"2026-02-22T13:41:48","slug":"cristina-pirv-dezvaluie-o-experienta-incredibila-intr-un-mall-din-brazilia","status":"publish","type":"post","link":"https:\/\/www.newsrecorder.ro\/app\/2026\/02\/22\/cristina-pirv-dezvaluie-o-experienta-incredibila-intr-un-mall-din-brazilia\/","title":{"rendered":"Cristina P\u00eerv dezv\u0103luie o experien\u021b\u0103 incredibil\u0103 \u00eentr-un Mall din Brazilia!"},"content":{"rendered":"<p>Cristina P\u00eerv, fosta juc\u0103toare de volei, a avut parte de o experien\u021b\u0103 de neuitat anul trecut, c\u00e2nd a petrecut Cr\u0103ciunul al\u0103turi de fiica sa, Nicoll, \u00een Rom\u00e2nia. Dup\u0103 s\u0103rb\u0103tori, cele dou\u0103 au decis s\u0103 c\u0103l\u0103toreasc\u0103 \u00eempreun\u0103 \u00een Brazilia, unde s-au \u00eent\u00e2lnit \u0219i cu fiul ei, Patrick. Timp de aproape dou\u0103 luni, familia a tr\u0103it momente de vis, bucur\u00e2ndu-se de plaje, restaurante \u0219i plimb\u0103ri. Cristina a fost profund impresionat\u0103 de primirea c\u0103lduroas\u0103 din partea brazilienilor, care nu doar c\u0103 \u0219i-au amintit de ea, dar au \u0219i ar\u0103tat un respect deosebit. \u201eAm fost invitat\u0103 la podcasturi, emisiuni TV, am dat interviuri \u0219i am f\u0103cut o mul\u021bime de fotografii, am semnat autografe, exact ca \u00een vremurile \u00een care eram juc\u0103toare. A fost cu adev\u0103rat uimitor\u201d, a \u00eemp\u0103rt\u0103\u0219it Cristina.<\/p>\n<p><strong>Recunoscut\u0103 dup\u0103 24 de ani!<\/strong><\/p>\n<p>Pe parcursul c\u0103l\u0103toriei sale, Cristina a vizitat ora\u0219e precum Curitiba \u0219i Belo Horizonte. \u00cen Curitiba, a avut ocazia s\u0103 se \u00eent\u00e2lneasc\u0103 cu primarul ora\u0219ului, cu care a discutat despre amintirile sale din volei \u0219i despre viitoarele colabor\u0103ri. \u201e\u00centr-o zi, am fost la cump\u0103r\u0103turi \u00eentr-un mall, iar mai multe persoane m-au recunoscut \u0219i mi-au spus c\u00e2t de minunat\u0103 am fost pe teren, promi\u021b\u00e2nd c\u0103 nu m\u0103 vor uita niciodat\u0103. Nu-mi venea s\u0103 cred! Au trecut 24 de ani de la perioada \u00een care jucam \u00een Brazilia \u0219i oamenii \u00eenc\u0103 \u00ee\u0219i amintesc de mine\u2026 E incredibil! Una dintre persoanele care m-a oprit pentru o fotografie mi-a ar\u0103tat o poz\u0103 cu noi dou\u0103, f\u0103cut\u0103 acum 24 de ani. Nu am cuvinte\u201d, a ad\u0103ugat Cristina cu emo\u021bie.<\/p>\n<p><strong>\u0218i-a s\u0103rb\u0103torit mama!<\/strong><\/p>\n<p>Dup\u0103 aventura din Brazilia, Cristina s-a \u00eentors \u00een Rom\u00e2nia pentru a fi al\u0103turi de mama ei, care a \u00eemplinit recent 82 de ani. \u201eSunt extrem de fericit\u0103 s\u0103 fiu l\u00e2ng\u0103 ea. Am petrecut o zi frumoas\u0103 al\u0103turi de c\u00e2\u021biva prieteni apropia\u021bi. A fost o s\u0103rb\u0103toare emo\u021bionant\u0103 \u0219i plin\u0103 de c\u0103ldur\u0103\u201d, a declarat ea.<\/p>\n<p><strong>Patrick joac\u0103 fotbal, iar Nicoll vrea s\u0103 devin\u0103 student\u0103 la Universitatea de Sport<\/strong><\/p>\n<p>Cei doi copii ai Cristinei au ales s\u0103 \u00ee\u0219i construiasc\u0103 viitorul \u00een Brazilia. Patrick joac\u0103 fotbal pentru echipa Athletico Paranaense, \u00een timp ce Nicoll \u00ee\u0219i dore\u0219te s\u0103 devin\u0103 student\u0103 la Universitatea de Sport din S\u00e3o Paulo. \u201eEste foarte hot\u0103r\u00e2t\u0103 s\u0103 urmeze cursurile acestei facult\u0103\u021bi \u0219i sunt m\u00e2ndr\u0103 de alegerile pe care le face\u201d, a mai spus Cristina.<\/p>\n","protected":false},"excerpt":{"rendered":"<p>Cristina P\u00eerv, fosta juc\u0103toare de volei, a avut parte de o experien\u021b\u0103 de neuitat anul trecut, c\u00e2nd a petrecut Cr\u0103ciunul al\u0103turi de fiica sa, Nicoll, \u00een Rom\u00e2nia. Dup\u0103 s\u0103rb\u0103tori, cele dou\u0103 au decis s\u0103 c\u0103l\u0103toreasc\u0103 \u00eempreun\u0103 \u00een Brazilia, unde s-au \u00eent\u00e2lnit \u0219i cu fiul ei, Patrick. Timp de aproape dou\u0103 luni, familia a tr\u0103it momente [&hellip;]<\/p>\n","protected":false},"author":6,"featured_media":4511,"comment_status":"open","ping_status":"open","sticky":false,"template":"","format":"standard","meta":{"jnews-multi-image_gallery":[],"jnews_single_post":[],"jnews_primary_category":[],"jnews_override_counter":[],"footnotes":""},"categories":[46],"tags":[389,79,7004,7003,812,7005,149,1379],"class_list":["post-4510","post","type-post","status-publish","format-standard","has-post-thumbnail","hentry","category-sport","tag-brazilia","tag-calatorie","tag-craciun","tag-cristina-pirv","tag-familie","tag-podcasturi","tag-romania","tag-volei"],"_links":{"self":[{"href":"https:\/\/www.newsrecorder.ro\/app\/wp-json\/wp\/v2\/posts\/4510","targetHints":{"allow":["GET"]}}],"collection":[{"href":"https:\/\/www.newsrecorder.ro\/app\/wp-json\/wp\/v2\/posts"}],"about":[{"href":"https:\/\/www.newsrecorder.ro\/app\/wp-json\/wp\/v2\/types\/post"}],"author":[{"embeddable":true,"href":"https:\/\/www.newsrecorder.ro\/app\/wp-json\/wp\/v2\/users\/6"}],"replies":[{"embeddable":true,"href":"https:\/\/www.newsrecorder.ro\/app\/wp-json\/wp\/v2\/comments?post=4510"}],"version-history":[{"count":0,"href":"https:\/\/www.newsrecorder.ro\/app\/wp-json\/wp\/v2\/posts\/4510\/revisions"}],"wp:featuredmedia":[{"embeddable":true,"href":"https:\/\/www.newsrecorder.ro\/app\/wp-json\/wp\/v2\/media\/4511"}],"wp:attachment":[{"href":"https:\/\/www.newsrecorder.ro\/app\/wp-json\/wp\/v2\/media?parent=4510"}],"wp:term":[{"taxonomy":"category","embeddable":true,"href":"https:\/\/www.newsrecorder.ro\/app\/wp-json\/wp\/v2\/categories?post=4510"},{"taxonomy":"post_tag","embeddable":true,"href":"https:\/\/www.newsrecorder.ro\/app\/wp-json\/wp\/v2\/tags?post=4510"}],"curies":[{"name":"wp","href":"https:\/\/api.w.org\/{rel}","templated":true}]}}