{"id":4534,"date":"2026-02-22T18:53:47","date_gmt":"2026-02-22T18:53:47","guid":{"rendered":"https:\/\/www.newsrecorder.ro\/app\/2026\/02\/22\/salubrizarea-capitalei-trotuarele-si-trecerile-de-pietoni-in-pericol\/"},"modified":"2026-02-22T18:53:47","modified_gmt":"2026-02-22T18:53:47","slug":"salubrizarea-capitalei-trotuarele-si-trecerile-de-pietoni-in-pericol","status":"publish","type":"post","link":"https:\/\/www.newsrecorder.ro\/app\/2026\/02\/22\/salubrizarea-capitalei-trotuarele-si-trecerile-de-pietoni-in-pericol\/","title":{"rendered":"Salubrizarea Capitalei: Trotuarele \u0219i trecerile de pietoni, \u00een pericol!"},"content":{"rendered":"<p><em>\u201eZona central\u0103, Centrul Vechi, reprezint\u0103 cartea de vizit\u0103 a Capitalei! Aici se adun\u0103 turi\u0219ti, delega\u021bii \u0219i bucure\u0219teni care ies la teatru sau la un restaurant. Din p\u0103cate, ace\u0219tia sunt nevoi\u021bi s\u0103 traverseze z\u0103pada \u0219i b\u0103l\u021bile formate.\u201d<\/em> Acestea sunt declara\u021biile Prim\u0103riei Capitalei, postate recent pe Facebook.<\/p>\n<p>Conform anun\u021bului, duminic\u0103, Poli\u021bia Local\u0103 a Capitalei a solicitat companiilor de salubrizare active \u00een sectoarele 1, 3 \u0219i 5 s\u0103 se ocupe de cur\u0103\u021barea trecerilor de pietoni, asigur\u00e2ndu-se c\u0103 acestea sunt desz\u0103pezite pe toat\u0103 l\u0103\u021bimea zebrei. De asemenea, este important ca sta\u021biile de transport \u00een comun STB s\u0103 fie cur\u0103\u021bate \u00een \u00eentregime, iar trotuarele s\u0103 aib\u0103 z\u0103pada \u00eendep\u0103rtat\u0103. Este esen\u021bial ca scurgerile pluviale s\u0103 nu fie acoperite de z\u0103pad\u0103.<\/p>\n<p>Prim\u0103ria a subliniat c\u0103 acelea\u0219i m\u0103suri trebuie aplicate \u0219i \u00een cartierele din ora\u0219.<\/p>\n<p>\u201e\u00cen cazul \u00een care nu se conformeaz\u0103, operatorii contracta\u021bi de prim\u0103riile de sector pentru activit\u0103\u021bile de desz\u0103pezire risc\u0103 s\u0103 fie sanc\u021biona\u021bi din nou,\u201d adaug\u0103 Prim\u0103ria Capitalei.<\/p>\n<p>\u00cen prezent, au fost semnalate probleme de cur\u0103\u021bare \u00een sectoarele 1, 2, 3 \u0219i 5, conform informa\u021biilor furnizate de autorit\u0103\u021bi.<\/p>\n","protected":false},"excerpt":{"rendered":"<p>\u201eZona central\u0103, Centrul Vechi, reprezint\u0103 cartea de vizit\u0103 a Capitalei! Aici se adun\u0103 turi\u0219ti, delega\u021bii \u0219i bucure\u0219teni care ies la teatru sau la un restaurant. Din p\u0103cate, ace\u0219tia sunt nevoi\u021bi s\u0103 traverseze z\u0103pada \u0219i b\u0103l\u021bile formate.\u201d Acestea sunt declara\u021biile Prim\u0103riei Capitalei, postate recent pe Facebook. Conform anun\u021bului, duminic\u0103, Poli\u021bia Local\u0103 a Capitalei a solicitat companiilor [&hellip;]<\/p>\n","protected":false},"author":2,"featured_media":4535,"comment_status":"open","ping_status":"open","sticky":false,"template":"","format":"standard","meta":{"jnews-multi-image_gallery":[],"jnews_single_post":[],"jnews_primary_category":[],"jnews_override_counter":[],"footnotes":""},"categories":[42],"tags":[7049,2239,6442,2419,6726,7050,7051,3972],"class_list":["post-4534","post","type-post","status-publish","format-standard","has-post-thumbnail","hentry","category-politica","tag-centrul-vechi","tag-deszapezire","tag-politia-locala","tag-primaria-capitalei","tag-salubrizare","tag-transport-in-comun","tag-trotuare","tag-turisti"],"_links":{"self":[{"href":"https:\/\/www.newsrecorder.ro\/app\/wp-json\/wp\/v2\/posts\/4534","targetHints":{"allow":["GET"]}}],"collection":[{"href":"https:\/\/www.newsrecorder.ro\/app\/wp-json\/wp\/v2\/posts"}],"about":[{"href":"https:\/\/www.newsrecorder.ro\/app\/wp-json\/wp\/v2\/types\/post"}],"author":[{"embeddable":true,"href":"https:\/\/www.newsrecorder.ro\/app\/wp-json\/wp\/v2\/users\/2"}],"replies":[{"embeddable":true,"href":"https:\/\/www.newsrecorder.ro\/app\/wp-json\/wp\/v2\/comments?post=4534"}],"version-history":[{"count":0,"href":"https:\/\/www.newsrecorder.ro\/app\/wp-json\/wp\/v2\/posts\/4534\/revisions"}],"wp:featuredmedia":[{"embeddable":true,"href":"https:\/\/www.newsrecorder.ro\/app\/wp-json\/wp\/v2\/media\/4535"}],"wp:attachment":[{"href":"https:\/\/www.newsrecorder.ro\/app\/wp-json\/wp\/v2\/media?parent=4534"}],"wp:term":[{"taxonomy":"category","embeddable":true,"href":"https:\/\/www.newsrecorder.ro\/app\/wp-json\/wp\/v2\/categories?post=4534"},{"taxonomy":"post_tag","embeddable":true,"href":"https:\/\/www.newsrecorder.ro\/app\/wp-json\/wp\/v2\/tags?post=4534"}],"curies":[{"name":"wp","href":"https:\/\/api.w.org\/{rel}","templated":true}]}}