{"id":4538,"date":"2026-02-22T18:54:23","date_gmt":"2026-02-22T18:54:23","guid":{"rendered":"https:\/\/www.newsrecorder.ro\/app\/2026\/02\/22\/ministrul-iranian-o-oportunitate-de-solutie-diplomatica-cu-sua\/"},"modified":"2026-02-22T18:54:23","modified_gmt":"2026-02-22T18:54:23","slug":"ministrul-iranian-o-oportunitate-de-solutie-diplomatica-cu-sua","status":"publish","type":"post","link":"https:\/\/www.newsrecorder.ro\/app\/2026\/02\/22\/ministrul-iranian-o-oportunitate-de-solutie-diplomatica-cu-sua\/","title":{"rendered":"Ministrul iranian: O oportunitate de solu\u021bie diplomatic\u0103 cu SUA!"},"content":{"rendered":"<p>Abbas Araghchi a declarat c\u0103 Iranul lucreaz\u0103 la o propunere ini\u021bial\u0103 de acord cu Statele Unite referitor la programul s\u0103u nuclear. \u00centr-un interviu acordat CBS, \u0219eful diploma\u021biei iraniene a afirmat: \u201eContinu\u0103m negocierile, \u00een paralel cu elaborarea elementelor unui acord \u0219i a unei prime versiuni a textului. Consider c\u0103 exist\u0103 \u00eenc\u0103 o oportunitate bun\u0103 de a ajunge la o solu\u021bie diplomatic\u0103 reciproc avantajoas\u0103\u201d, conform <a style=\"color: #0000ff\" href=\"https:\/\/www.lefigaro.fr\/international\/l-iran-estime-qu-il-existe-de-bonnes-chances-de-parvenir-a-un-accord-avec-les-etats-unis-20260222\">Le Figaro<\/a>.<\/p>\n<p>Araghchi a subliniat c\u0103 negocierile directe ar putea fi reluate \u00een s\u0103pt\u0103m\u00e2na urm\u0103toare. \u201eCred c\u0103 atunci c\u00e2nd ne vom \u00eent\u00e2lni, probabil joia aceasta la Geneva, putem aborda aceste puncte, preg\u0103ti un text solid \u0219i putem ajunge rapid la un acord\u201d, a ad\u0103ugat el.<\/p>\n<p>Referitor la subiectele de discu\u021bie, ministrul a men\u021bionat: \u201e\u00cen prezent, ne concentr\u0103m exclusiv pe problema nuclear\u0103 \u0219i nu discut\u0103m alte aspecte.\u201d<\/p>\n<p>\u00cen acela\u0219i timp, Abbas Araghchi a reafirmat dreptul Iranului de a se ap\u0103ra \u00een cazul unui atac din partea Statelor Unite. \u201eDac\u0103 Statele Unite ne atac\u0103, avem tot dreptul s\u0103 ne ap\u0103r\u0103m. Rachetele noastre nu pot ajunge pe teritoriul american, a\u0219a c\u0103 trebuie s\u0103 g\u0103sim o alt\u0103 solu\u021bie, viz\u00e2nd baze americane din regiune\u201d, a declarat ministrul, subliniind c\u0103 orice ripost\u0103 ar fi \u201elegitim\u0103\u201d \u00een cazul unei agresiuni.<\/p>\n<p>Conform surselor Axios, citate de Reuters, Statele Unite sunt preg\u0103tite <a style=\"color: #0000ff\" href=\"https:\/\/www.mediafax.ro\/stirile-zilei\/sua-conditioneaza-reluarea-discutiilor-cu-iranul-de-primirea-unui-proiect-de-acord-23691071\">s\u0103 reia<\/a> negocierile cu Iranul, cu condi\u021bia ca Teheranul s\u0103 prezinte un proiect de acord nuclear \u00een urm\u0103toarele 48 de ore.<\/p>\n<p>De asemenea, Statele Unite au desf\u0103\u0219urat o for\u021b\u0103 militar\u0103 semnificativ\u0103 \u00een regiune, ca m\u0103sur\u0103 de presiune pentru a atinge un acord cu Iranul privind arsenalul s\u0103u nuclear. Pre\u0219edintele Trump a emis un ultimatum Iranului, afirm\u00e2nd c\u0103, \u00een cazul \u00een care nu se ajunge la un acord \u00een termen de 10-15 zile, \u201ese vor \u00eent\u00e2mpla lucruri foarte rele\u201d.<\/p>\n","protected":false},"excerpt":{"rendered":"<p>Abbas Araghchi a declarat c\u0103 Iranul lucreaz\u0103 la o propunere ini\u021bial\u0103 de acord cu Statele Unite referitor la programul s\u0103u nuclear. \u00centr-un interviu acordat CBS, \u0219eful diploma\u021biei iraniene a afirmat: \u201eContinu\u0103m negocierile, \u00een paralel cu elaborarea elementelor unui acord \u0219i a unei prime versiuni a textului. Consider c\u0103 exist\u0103 \u00eenc\u0103 o oportunitate bun\u0103 de a [&hellip;]<\/p>\n","protected":false},"author":2,"featured_media":4539,"comment_status":"open","ping_status":"open","sticky":false,"template":"","format":"standard","meta":{"jnews-multi-image_gallery":[],"jnews_single_post":[],"jnews_primary_category":[],"jnews_override_counter":[],"footnotes":""},"categories":[41],"tags":[7055,2210,5889,913,686,1080,2213,680],"class_list":["post-4538","post","type-post","status-publish","format-standard","has-post-thumbnail","hentry","category-externe","tag-abbas-araghchi","tag-acord-nuclear","tag-geneva","tag-iran","tag-negocieri","tag-program-nuclear","tag-solutie-diplomatica","tag-statele-unite"],"_links":{"self":[{"href":"https:\/\/www.newsrecorder.ro\/app\/wp-json\/wp\/v2\/posts\/4538","targetHints":{"allow":["GET"]}}],"collection":[{"href":"https:\/\/www.newsrecorder.ro\/app\/wp-json\/wp\/v2\/posts"}],"about":[{"href":"https:\/\/www.newsrecorder.ro\/app\/wp-json\/wp\/v2\/types\/post"}],"author":[{"embeddable":true,"href":"https:\/\/www.newsrecorder.ro\/app\/wp-json\/wp\/v2\/users\/2"}],"replies":[{"embeddable":true,"href":"https:\/\/www.newsrecorder.ro\/app\/wp-json\/wp\/v2\/comments?post=4538"}],"version-history":[{"count":0,"href":"https:\/\/www.newsrecorder.ro\/app\/wp-json\/wp\/v2\/posts\/4538\/revisions"}],"wp:featuredmedia":[{"embeddable":true,"href":"https:\/\/www.newsrecorder.ro\/app\/wp-json\/wp\/v2\/media\/4539"}],"wp:attachment":[{"href":"https:\/\/www.newsrecorder.ro\/app\/wp-json\/wp\/v2\/media?parent=4538"}],"wp:term":[{"taxonomy":"category","embeddable":true,"href":"https:\/\/www.newsrecorder.ro\/app\/wp-json\/wp\/v2\/categories?post=4538"},{"taxonomy":"post_tag","embeddable":true,"href":"https:\/\/www.newsrecorder.ro\/app\/wp-json\/wp\/v2\/tags?post=4538"}],"curies":[{"name":"wp","href":"https:\/\/api.w.org\/{rel}","templated":true}]}}