{"id":4540,"date":"2026-02-22T18:54:38","date_gmt":"2026-02-22T18:54:38","guid":{"rendered":"https:\/\/www.newsrecorder.ro\/app\/2026\/02\/22\/casa-alba-ironizeaza-canada-dupa-victoria-sua-la-hochei\/"},"modified":"2026-02-22T18:54:38","modified_gmt":"2026-02-22T18:54:38","slug":"casa-alba-ironizeaza-canada-dupa-victoria-sua-la-hochei","status":"publish","type":"post","link":"https:\/\/www.newsrecorder.ro\/app\/2026\/02\/22\/casa-alba-ironizeaza-canada-dupa-victoria-sua-la-hochei\/","title":{"rendered":"Casa Alb\u0103 ironizeaz\u0103 Canada dup\u0103 victoria SUA la hochei!"},"content":{"rendered":"<p>\u201eFelicit\u0103ri echipei noastre de hochei a SUA pentru c\u00e2\u0219tigarea medaliei de aur!\u201d a declarat pre\u0219edintele american Donald Trump pe platforma Truth Social. \u00centr-o alt\u0103 postare, el a ad\u0103ugat entuziast: \u201eWOW \u2014 CE MECI!!!\u201d.<\/p>\n<p>Casa Alb\u0103 a celebrat victoria echipei americane printr-o postare pe platforma X, ironiz\u00e2nd un mesaj din 2025 al lui Justin Trudeau, pe atunci premierul Canadei. Trudeau a scris \u00een februarie 2025: \u201eNu ne pute\u021bi lua \u021bara \u2013 \u0219i nu ne pute\u021bi lua jocul\u201d, dup\u0103 ce Canada a \u00eenvins SUA \u00eentr-un meci important de hochei.<\/p>\n<p>\u00cen r\u0103spunsul s\u0103u, Casa Alb\u0103 a publicat o imagine sugestiv\u0103, \u00een care un vultur, simbol al Statelor Unite, se afl\u0103 deasupra unei g\u00e2\u0219te canadiene, subliniind astfel victoria recent\u0103.<\/p>\n<p>Premierul Canadei, Mark Carney, a felicitat echipa Canadei pentru c\u00e2\u0219tigarea medaliei de argint, exprim\u00e2ndu-\u0219i m\u00e2ndria fa\u021b\u0103 de juc\u0103tori care \u201e\u0219i-au f\u0103cut \u021bara m\u00e2ndr\u0103\u201d.<\/p>\n<p>Echipa Statelor Unite a ob\u021binut medalia de aur la turneul olimpic de hochei masculin de la Milano-Cortina 2026, \u00een urma unei victorii str\u00e2nse cu 2-1 \u00eempotriva Canadei, \u00een prelungiri. Aceasta reprezint\u0103 al treilea aur olimpic din istoria echipei masculine a SUA, dup\u0103 cele ob\u021binute \u00een 1960 \u0219i 1980.<\/p>\n","protected":false},"excerpt":{"rendered":"<p>\u201eFelicit\u0103ri echipei noastre de hochei a SUA pentru c\u00e2\u0219tigarea medaliei de aur!\u201d a declarat pre\u0219edintele american Donald Trump pe platforma Truth Social. \u00centr-o alt\u0103 postare, el a ad\u0103ugat entuziast: \u201eWOW \u2014 CE MECI!!!\u201d. Casa Alb\u0103 a celebrat victoria echipei americane printr-o postare pe platforma X, ironiz\u00e2nd un mesaj din 2025 al lui Justin Trudeau, pe [&hellip;]<\/p>\n","protected":false},"author":2,"featured_media":4541,"comment_status":"open","ping_status":"open","sticky":false,"template":"","format":"standard","meta":{"jnews-multi-image_gallery":[],"jnews_single_post":[],"jnews_primary_category":[],"jnews_override_counter":[],"footnotes":""},"categories":[41],"tags":[3225,2848,31,1519,6685,7056,4985,3394],"class_list":["post-4540","post","type-post","status-publish","format-standard","has-post-thumbnail","hentry","category-externe","tag-canada","tag-casa-alba","tag-jnews_demo_donald-trump","tag-echipa-americana","tag-hochei","tag-justin-trudeau","tag-medalia-de-aur","tag-victoria"],"_links":{"self":[{"href":"https:\/\/www.newsrecorder.ro\/app\/wp-json\/wp\/v2\/posts\/4540","targetHints":{"allow":["GET"]}}],"collection":[{"href":"https:\/\/www.newsrecorder.ro\/app\/wp-json\/wp\/v2\/posts"}],"about":[{"href":"https:\/\/www.newsrecorder.ro\/app\/wp-json\/wp\/v2\/types\/post"}],"author":[{"embeddable":true,"href":"https:\/\/www.newsrecorder.ro\/app\/wp-json\/wp\/v2\/users\/2"}],"replies":[{"embeddable":true,"href":"https:\/\/www.newsrecorder.ro\/app\/wp-json\/wp\/v2\/comments?post=4540"}],"version-history":[{"count":0,"href":"https:\/\/www.newsrecorder.ro\/app\/wp-json\/wp\/v2\/posts\/4540\/revisions"}],"wp:featuredmedia":[{"embeddable":true,"href":"https:\/\/www.newsrecorder.ro\/app\/wp-json\/wp\/v2\/media\/4541"}],"wp:attachment":[{"href":"https:\/\/www.newsrecorder.ro\/app\/wp-json\/wp\/v2\/media?parent=4540"}],"wp:term":[{"taxonomy":"category","embeddable":true,"href":"https:\/\/www.newsrecorder.ro\/app\/wp-json\/wp\/v2\/categories?post=4540"},{"taxonomy":"post_tag","embeddable":true,"href":"https:\/\/www.newsrecorder.ro\/app\/wp-json\/wp\/v2\/tags?post=4540"}],"curies":[{"name":"wp","href":"https:\/\/api.w.org\/{rel}","templated":true}]}}