{"id":4542,"date":"2026-02-22T19:10:43","date_gmt":"2026-02-22T19:10:43","guid":{"rendered":"https:\/\/www.newsrecorder.ro\/app\/2026\/02\/22\/alerta-anm-viscol-si-zapada-de-pana-la-15-cm-in-bucuresti\/"},"modified":"2026-02-22T19:10:43","modified_gmt":"2026-02-22T19:10:43","slug":"alerta-anm-viscol-si-zapada-de-pana-la-15-cm-in-bucuresti","status":"publish","type":"post","link":"https:\/\/www.newsrecorder.ro\/app\/2026\/02\/22\/alerta-anm-viscol-si-zapada-de-pana-la-15-cm-in-bucuresti\/","title":{"rendered":"Alert\u0103 ANM: Viscol \u0219i z\u0103pad\u0103 de p\u00e2n\u0103 la 15 cm \u00een Bucure\u0219ti!"},"content":{"rendered":"<p class=\"font-claude-response-body break-words whitespace-normal leading-[1.7]\">Capitala Rom\u00e2niei se preg\u0103te\u0219te pentru o serie de fenomene meteorologice severe, inclusiv intensific\u0103ri ale <a href=\"https:\/\/www.mediafax.ro\/meteo\/anm-cod-galben-de-viscol-si-ninsori-in-jumatate-de-tara-rafale-de-pana-la-70-km-h-23690081\">v\u00e2ntului<\/a>, ninsori abundente, viscol \u0219i formarea unui nou strat de z\u0103pad\u0103. \u00cen plus, o <a href=\"https:\/\/www.meteoromania.ro\/\" target=\"_blank\" rel=\"noopener\">informare<\/a> privind vremea extrem de rece este deja activ\u0103 pentru aceast\u0103 perioad\u0103.<\/p>\n<p><strong>Vineri, 20 februarie: ploi, urmate de polei \u0219i ninsoare<\/strong><\/p>\n<p class=\"font-claude-response-body break-words whitespace-normal leading-[1.7]\">\u00cencep\u00e2nd cu aceast\u0103 zi, cerul va deveni treptat \u00eennorat, iar din dup\u0103-amiaz\u0103 se a\u0219teapt\u0103 precipita\u021bii sub form\u0103 de ploaie. Temperatura maxim\u0103 se va situa \u00eentre 2 \u0219i 3 grade Celsius.<\/p>\n<p class=\"font-claude-response-body break-words whitespace-normal leading-[1.7]\">Pe parcursul dup\u0103-amiezii, v\u00e2ntul va \u00eencepe s\u0103 se intensifice, cu rafale ce pot atinge 55-65 km\/h. Noaptea, precipita\u021biile se vor transforma, exist\u00e2nd riscuri de polei \u0219i ghe\u021bu\u0219, iar mai apoi se va instala ninsoarea. Vizibilitatea va fi redus\u0103, cobor\u00e2nd sub 100 de metri, iar stratul de z\u0103pad\u0103 acumulat va fi de aproximativ 6-8 cm, cu o distribu\u021bie neuniform\u0103.<\/p>\n<p><strong>S\u00e2mb\u0103t\u0103, 21 februarie: ger, ninsori puternice \u0219i viscol<\/strong><\/p>\n<p class=\"font-claude-response-body break-words whitespace-normal leading-[1.7]\">\u00cen aceast\u0103 zi, vremea se va r\u0103ci semnificativ. Ninsorile vor fi abundente, iar noul strat de z\u0103pad\u0103 ar putea ajunge la 10-15 cm. V\u00e2ntul va viscoli ninsoarea \u00een prima parte a zilei, cu rafale care pot atinge 40-45 km\/h. Temperaturile maxime nu vor dep\u0103\u0219i -3 p\u00e2n\u0103 la -2 grade, \u00een timp ce minimele vor sc\u0103dea la -4 p\u00e2n\u0103 la -3 grade.<\/p>\n<p>Este important de men\u021bionat c\u0103, \u00een perioada 20 februarie, ora 10 \u2013 22 februarie, ora 10, municipiul Bucure\u0219ti va fi sub o informare meteorologic\u0103 ce se refer\u0103 la vremea extrem de rece.<\/p>\n<p>De asemenea, \u00een intervalul 20 februarie, ora 12 \u2013 22 februarie, ora 10, va fi activ\u0103 o aten\u021bionare meteorologic\u0103 care va include intensific\u0103ri ale v\u00e2ntului, precipita\u021bii semnificative, ninsori, viscol \u0219i formarea unui nou strat de z\u0103pad\u0103.<\/p>\n","protected":false},"excerpt":{"rendered":"<p>Capitala Rom\u00e2niei se preg\u0103te\u0219te pentru o serie de fenomene meteorologice severe, inclusiv intensific\u0103ri ale v\u00e2ntului, ninsori abundente, viscol \u0219i formarea unui nou strat de z\u0103pad\u0103. \u00cen plus, o informare privind vremea extrem de rece este deja activ\u0103 pentru aceast\u0103 perioad\u0103. Vineri, 20 februarie: ploi, urmate de polei \u0219i ninsoare \u00cencep\u00e2nd cu aceast\u0103 zi, cerul va [&hellip;]<\/p>\n","protected":false},"author":5,"featured_media":4543,"comment_status":"open","ping_status":"open","sticky":false,"template":"","format":"standard","meta":{"jnews-multi-image_gallery":[],"jnews_single_post":[],"jnews_primary_category":[],"jnews_override_counter":[],"footnotes":""},"categories":[45],"tags":[362,127,136,122,81,137,1142,1141],"class_list":["post-4542","post","type-post","status-publish","format-standard","has-post-thumbnail","hentry","category-meteo","tag-bucuresti","tag-ninsori","tag-polei","tag-strat-de-zapada","tag-temperaturi-scazute","tag-vant","tag-viscol","tag-vreme-severa"],"_links":{"self":[{"href":"https:\/\/www.newsrecorder.ro\/app\/wp-json\/wp\/v2\/posts\/4542","targetHints":{"allow":["GET"]}}],"collection":[{"href":"https:\/\/www.newsrecorder.ro\/app\/wp-json\/wp\/v2\/posts"}],"about":[{"href":"https:\/\/www.newsrecorder.ro\/app\/wp-json\/wp\/v2\/types\/post"}],"author":[{"embeddable":true,"href":"https:\/\/www.newsrecorder.ro\/app\/wp-json\/wp\/v2\/users\/5"}],"replies":[{"embeddable":true,"href":"https:\/\/www.newsrecorder.ro\/app\/wp-json\/wp\/v2\/comments?post=4542"}],"version-history":[{"count":0,"href":"https:\/\/www.newsrecorder.ro\/app\/wp-json\/wp\/v2\/posts\/4542\/revisions"}],"wp:featuredmedia":[{"embeddable":true,"href":"https:\/\/www.newsrecorder.ro\/app\/wp-json\/wp\/v2\/media\/4543"}],"wp:attachment":[{"href":"https:\/\/www.newsrecorder.ro\/app\/wp-json\/wp\/v2\/media?parent=4542"}],"wp:term":[{"taxonomy":"category","embeddable":true,"href":"https:\/\/www.newsrecorder.ro\/app\/wp-json\/wp\/v2\/categories?post=4542"},{"taxonomy":"post_tag","embeddable":true,"href":"https:\/\/www.newsrecorder.ro\/app\/wp-json\/wp\/v2\/tags?post=4542"}],"curies":[{"name":"wp","href":"https:\/\/api.w.org\/{rel}","templated":true}]}}