{"id":4546,"date":"2026-02-22T19:11:38","date_gmt":"2026-02-22T19:11:38","guid":{"rendered":"https:\/\/www.newsrecorder.ro\/app\/2026\/02\/22\/prognoza-meteo-in-romania-ce-ne-asteapta-pana-pe-23-martie-3\/"},"modified":"2026-02-22T19:11:38","modified_gmt":"2026-02-22T19:11:38","slug":"prognoza-meteo-in-romania-ce-ne-asteapta-pana-pe-23-martie-3","status":"publish","type":"post","link":"https:\/\/www.newsrecorder.ro\/app\/2026\/02\/22\/prognoza-meteo-in-romania-ce-ne-asteapta-pana-pe-23-martie-3\/","title":{"rendered":"Prognoza meteo \u00een Rom\u00e2nia: Ce ne a\u0219teapt\u0103 p\u00e2n\u0103 pe 23 martie?"},"content":{"rendered":"<p class=\"font-claude-response-body break-words whitespace-normal leading-[1.7]\"><strong>Prognoza meteo ANM: 23 februarie \u2013 2 martie<\/strong><\/p>\n<p class=\"font-claude-response-body break-words whitespace-normal leading-[1.7]\">\u00cen s\u0103pt\u0103m\u00e2na ce urmeaz\u0103, meteorologii anun\u021b\u0103 <a href=\"https:\/\/www.meteoromania.ro\/\" target=\"_blank\" rel=\"noopener\">temperaturi<\/a> mai ridicate dec\u00e2t cele obi\u015fnuite, \u00een special \u00een regiunile vestice \u0219i sud-vestice ale Rom\u00e2niei.<\/p>\n<p class=\"font-claude-response-body break-words whitespace-normal leading-[1.7]\">Precipita\u021biile vor fi mai reduse \u00een sudul \u021b\u0103rii, \u00een timp ce \u00een nord se a\u0219teapt\u0103 un surplus de ap\u0103. \u00cen rest, cantit\u0103\u021bile de precipita\u021bii vor fi conforme cu media acestei perioade.<\/p>\n<p class=\"font-claude-response-body break-words whitespace-normal leading-[1.7]\"><strong>Meteo Rom\u00e2nia: 2 \u2013 9 martie<\/strong><\/p>\n<p class=\"font-claude-response-body break-words whitespace-normal leading-[1.7]\">\u00cen perioada 2 \u2013 9 martie, temperatura medie va dep\u0103\u0219i valorile normale \u00een toate regiunile, cu o abatere termic\u0103 pozitiv\u0103 semnificativ\u0103 \u00een jum\u0103tatea vestic\u0103 a \u021b\u0103rii.<\/p>\n<p class=\"font-claude-response-body break-words whitespace-normal leading-[1.7]\">Cantit\u0103\u021bile de precipita\u021bii se vor men\u021bine \u00een apropierea valorilor normale pentru acest interval.<\/p>\n<p class=\"font-claude-response-body break-words whitespace-normal leading-[1.7]\"><strong>ANM, vremea \u00een Rom\u00e2nia: 9 \u2013 16 martie<\/strong><\/p>\n<p class=\"font-claude-response-body break-words whitespace-normal leading-[1.7]\">\u00cen s\u0103pt\u0103m\u00e2na 9 \u2013 16 martie, temperaturile vor fi u\u0219or mai ridicate \u00een regiunile intracarpatice, \u00een timp ce \u00een restul \u021b\u0103rii se vor \u00eenregistra valori termice apropiate de normal.<\/p>\n<p class=\"font-claude-response-body break-words whitespace-normal leading-[1.7]\">De asemenea, precipita\u021biile vor fi \u00een conformitate cu mediile climatologice specifice acestei perioade.<\/p>\n<p class=\"font-claude-response-body break-words whitespace-normal leading-[1.7]\"><strong>Prognoza meteo pentru 16 \u2013 23 martie<\/strong><\/p>\n<p class=\"font-claude-response-body break-words whitespace-normal leading-[1.7]\">\u00cen ultima s\u0103pt\u0103m\u00e2n\u0103 a intervalului prognozat, se estimeaz\u0103 c\u0103 temperaturile vor fi u\u0219or peste normal pe \u00eentreg teritoriul Rom\u00e2niei.<\/p>\n<p class=\"font-claude-response-body break-words whitespace-normal leading-[1.7]\">Precipita\u021biile vor r\u0103m\u00e2ne \u00een limitele valorilor normale pentru toate regiunile \u021b\u0103rii.<\/p>\n","protected":false},"excerpt":{"rendered":"<p>Prognoza meteo ANM: 23 februarie \u2013 2 martie \u00cen s\u0103pt\u0103m\u00e2na ce urmeaz\u0103, meteorologii anun\u021b\u0103 temperaturi mai ridicate dec\u00e2t cele obi\u015fnuite, \u00een special \u00een regiunile vestice \u0219i sud-vestice ale Rom\u00e2niei. Precipita\u021biile vor fi mai reduse \u00een sudul \u021b\u0103rii, \u00een timp ce \u00een nord se a\u0219teapt\u0103 un surplus de ap\u0103. \u00cen rest, cantit\u0103\u021bile de precipita\u021bii vor fi [&hellip;]<\/p>\n","protected":false},"author":5,"featured_media":4547,"comment_status":"open","ping_status":"open","sticky":false,"template":"","format":"standard","meta":{"jnews-multi-image_gallery":[],"jnews_single_post":[],"jnews_primary_category":[],"jnews_override_counter":[],"footnotes":""},"categories":[45],"tags":[150,135,141,1600,149,6890,737,3723],"class_list":["post-4546","post","type-post","status-publish","format-standard","has-post-thumbnail","hentry","category-meteo","tag-anm","tag-precipitatii","tag-prognoza-meteo","tag-regiunile-vestice","tag-romania","tag-sud-vestice","tag-temperaturi-ridicate","tag-valori-normale"],"_links":{"self":[{"href":"https:\/\/www.newsrecorder.ro\/app\/wp-json\/wp\/v2\/posts\/4546","targetHints":{"allow":["GET"]}}],"collection":[{"href":"https:\/\/www.newsrecorder.ro\/app\/wp-json\/wp\/v2\/posts"}],"about":[{"href":"https:\/\/www.newsrecorder.ro\/app\/wp-json\/wp\/v2\/types\/post"}],"author":[{"embeddable":true,"href":"https:\/\/www.newsrecorder.ro\/app\/wp-json\/wp\/v2\/users\/5"}],"replies":[{"embeddable":true,"href":"https:\/\/www.newsrecorder.ro\/app\/wp-json\/wp\/v2\/comments?post=4546"}],"version-history":[{"count":0,"href":"https:\/\/www.newsrecorder.ro\/app\/wp-json\/wp\/v2\/posts\/4546\/revisions"}],"wp:featuredmedia":[{"embeddable":true,"href":"https:\/\/www.newsrecorder.ro\/app\/wp-json\/wp\/v2\/media\/4547"}],"wp:attachment":[{"href":"https:\/\/www.newsrecorder.ro\/app\/wp-json\/wp\/v2\/media?parent=4546"}],"wp:term":[{"taxonomy":"category","embeddable":true,"href":"https:\/\/www.newsrecorder.ro\/app\/wp-json\/wp\/v2\/categories?post=4546"},{"taxonomy":"post_tag","embeddable":true,"href":"https:\/\/www.newsrecorder.ro\/app\/wp-json\/wp\/v2\/tags?post=4546"}],"curies":[{"name":"wp","href":"https:\/\/api.w.org\/{rel}","templated":true}]}}