{"id":4548,"date":"2026-02-22T19:11:53","date_gmt":"2026-02-22T19:11:53","guid":{"rendered":"https:\/\/www.newsrecorder.ro\/app\/2026\/02\/22\/bucuresti-sub-alerta-ploi-ninsori-si-ger-de-7-grade\/"},"modified":"2026-02-22T19:11:53","modified_gmt":"2026-02-22T19:11:53","slug":"bucuresti-sub-alerta-ploi-ninsori-si-ger-de-7-grade","status":"publish","type":"post","link":"https:\/\/www.newsrecorder.ro\/app\/2026\/02\/22\/bucuresti-sub-alerta-ploi-ninsori-si-ger-de-7-grade\/","title":{"rendered":"Bucure\u0219ti sub alert\u0103: ploi, ninsori \u0219i ger de -7 grade!"},"content":{"rendered":"<p>\u00cen ziua de joi, Bucure\u0219tiul va beneficia de un cer variabil, iar v\u00e2ntul va adia u\u0219or. <a href=\"https:\/\/www.meteoromania.ro\/\" target=\"_blank\" rel=\"noopener\">Temperatura<\/a> maxim\u0103 va atinge aproximativ 4 grade Celsius, \u00een timp ce valorile minime se vor \u00eencadra \u00eentre -7 \u0219i -5 grade.<\/p>\n<p>Vineri, vremea va \u00eencepe s\u0103 se \u00eennoreze treptat, aduc\u00e2nd cu sine <a href=\"https:\/\/www.mediafax.ro\/meteo\/anm-informare-meteo-ploile-si-ninsorile-cuprind-toata-romania-pana-duminica-23689536\">precipita\u021bii<\/a> sub form\u0103 de ploaie, urmate de lapovi\u021b\u0103 \u0219i ninsoare. V\u00e2ntul va sufla slab p\u00e2n\u0103 la moderat, \u00eens\u0103 seara \u0219i pe timpul nop\u021bii se vor \u00eenregistra intensific\u0103ri, ating\u00e2nd viteze de 50-55 km\/h. Temperatura maxim\u0103 va varia \u00eentre 2 \u0219i 4 grade, iar minima se va situa \u00eentre -3 \u0219i -2 grade.<\/p>\n<p>S\u00e2mb\u0103t\u0103, vremea se va r\u0103ci considerabil. Cerul va fi acoperit de nori \u0219i va ninge, iar v\u00e2ntul va avea intensific\u0103ri \u00een prima parte a zilei, cu viteze de 40-45 km\/h. Temperaturile maxime vor fi cuprinse \u00eentre -3 \u0219i -1 grad, iar cele minime \u00eentre -5 \u0219i -3 grade.<\/p>\n<p>De asemenea, \u00eentre 19 februarie, ora 10, \u0219i 22 februarie, ora 10, Bucure\u0219tiul va beneficia de o informare meteorologic\u0103, care va include precipita\u021bii moderate, acumularea de z\u0103pad\u0103, intensific\u0103ri ale v\u00e2ntului \u0219i vreme rece.<\/p>\n","protected":false},"excerpt":{"rendered":"<p>\u00cen ziua de joi, Bucure\u0219tiul va beneficia de un cer variabil, iar v\u00e2ntul va adia u\u0219or. Temperatura maxim\u0103 va atinge aproximativ 4 grade Celsius, \u00een timp ce valorile minime se vor \u00eencadra \u00eentre -7 \u0219i -5 grade. Vineri, vremea va \u00eencepe s\u0103 se \u00eennoreze treptat, aduc\u00e2nd cu sine precipita\u021bii sub form\u0103 de ploaie, urmate de [&hellip;]<\/p>\n","protected":false},"author":5,"featured_media":4549,"comment_status":"open","ping_status":"open","sticky":false,"template":"","format":"standard","meta":{"jnews-multi-image_gallery":[],"jnews_single_post":[],"jnews_primary_category":[],"jnews_override_counter":[],"footnotes":""},"categories":[45],"tags":[362,4028,743,135,132,126,137,125],"class_list":["post-4548","post","type-post","status-publish","format-standard","has-post-thumbnail","hentry","category-meteo","tag-bucuresti","tag-informare-meteorologica","tag-ninsoare","tag-precipitatii","tag-prognoza","tag-temperaturi","tag-vant","tag-vreme"],"_links":{"self":[{"href":"https:\/\/www.newsrecorder.ro\/app\/wp-json\/wp\/v2\/posts\/4548","targetHints":{"allow":["GET"]}}],"collection":[{"href":"https:\/\/www.newsrecorder.ro\/app\/wp-json\/wp\/v2\/posts"}],"about":[{"href":"https:\/\/www.newsrecorder.ro\/app\/wp-json\/wp\/v2\/types\/post"}],"author":[{"embeddable":true,"href":"https:\/\/www.newsrecorder.ro\/app\/wp-json\/wp\/v2\/users\/5"}],"replies":[{"embeddable":true,"href":"https:\/\/www.newsrecorder.ro\/app\/wp-json\/wp\/v2\/comments?post=4548"}],"version-history":[{"count":0,"href":"https:\/\/www.newsrecorder.ro\/app\/wp-json\/wp\/v2\/posts\/4548\/revisions"}],"wp:featuredmedia":[{"embeddable":true,"href":"https:\/\/www.newsrecorder.ro\/app\/wp-json\/wp\/v2\/media\/4549"}],"wp:attachment":[{"href":"https:\/\/www.newsrecorder.ro\/app\/wp-json\/wp\/v2\/media?parent=4548"}],"wp:term":[{"taxonomy":"category","embeddable":true,"href":"https:\/\/www.newsrecorder.ro\/app\/wp-json\/wp\/v2\/categories?post=4548"},{"taxonomy":"post_tag","embeddable":true,"href":"https:\/\/www.newsrecorder.ro\/app\/wp-json\/wp\/v2\/tags?post=4548"}],"curies":[{"name":"wp","href":"https:\/\/api.w.org\/{rel}","templated":true}]}}