{"id":4550,"date":"2026-02-22T19:12:19","date_gmt":"2026-02-22T19:12:19","guid":{"rendered":"https:\/\/www.newsrecorder.ro\/app\/2026\/02\/22\/bucuresti-sub-zapada-ninsori-masive-si-cod-portocaliu-pana-joi-3\/"},"modified":"2026-02-22T19:12:19","modified_gmt":"2026-02-22T19:12:19","slug":"bucuresti-sub-zapada-ninsori-masive-si-cod-portocaliu-pana-joi-3","status":"publish","type":"post","link":"https:\/\/www.newsrecorder.ro\/app\/2026\/02\/22\/bucuresti-sub-zapada-ninsori-masive-si-cod-portocaliu-pana-joi-3\/","title":{"rendered":"Bucure\u0219ti sub z\u0103pad\u0103: Ninsori masive \u0219i cod portocaliu p\u00e2n\u0103 joi!"},"content":{"rendered":"<p>Miercuri, vremea se va men\u021bine predominant noros, cu precipita\u021bii sub form\u0103 de ninsoare care se vor extinde p\u00e2n\u0103 \u00een orele dup\u0103-amiezii. La finalul acestui interval, se estimeaz\u0103 c\u0103 grosimea total\u0103 a stratului de z\u0103pad\u0103 va dep\u0103\u0219i 50 cm.<\/p>\n<p>V\u00e2ntul va avea intensitate slab\u0103 p\u00e2n\u0103 la moderat\u0103, f\u0103r\u0103 a ad\u0103uga o senza\u021bie de frig semnificativ\u0103.<\/p>\n<p>\u00cen ceea ce prive\u0219te temperaturile, maximele se vor \u00eencadra \u00eentre 2 \u0219i 3 grade Celsius, iar valorile minime vor cobor\u00ee \u00een intervalul -5 \u0219i -3 grade Celsius.<\/p>\n<p>De asemenea, este important de men\u021bionat c\u0103, \u00een perioada 18 februarie, ora 10 \u2013 19 februarie, ora 10, municipiul Bucure\u0219ti va fi sub inciden\u021ba unei avertiz\u0103ri meteorologice de Cod portocaliu. Aceast\u0103 avertizare se refer\u0103 la ninsoare abundent\u0103 \u0219i la formarea unui strat consistent de z\u0103pad\u0103.<\/p>\n","protected":false},"excerpt":{"rendered":"<p>Miercuri, vremea se va men\u021bine predominant noros, cu precipita\u021bii sub form\u0103 de ninsoare care se vor extinde p\u00e2n\u0103 \u00een orele dup\u0103-amiezii. La finalul acestui interval, se estimeaz\u0103 c\u0103 grosimea total\u0103 a stratului de z\u0103pad\u0103 va dep\u0103\u0219i 50 cm. V\u00e2ntul va avea intensitate slab\u0103 p\u00e2n\u0103 la moderat\u0103, f\u0103r\u0103 a ad\u0103uga o senza\u021bie de frig semnificativ\u0103. \u00cen [&hellip;]<\/p>\n","protected":false},"author":5,"featured_media":4551,"comment_status":"open","ping_status":"open","sticky":false,"template":"","format":"standard","meta":{"jnews-multi-image_gallery":[],"jnews_single_post":[],"jnews_primary_category":[],"jnews_override_counter":[],"footnotes":""},"categories":[45],"tags":[1563,362,1140,743,135,126,125,729],"class_list":["post-4550","post","type-post","status-publish","format-standard","has-post-thumbnail","hentry","category-meteo","tag-avertizare-meteorologica","tag-bucuresti","tag-cod-portocaliu","tag-ninsoare","tag-precipitatii","tag-temperaturi","tag-vreme","tag-zapada"],"_links":{"self":[{"href":"https:\/\/www.newsrecorder.ro\/app\/wp-json\/wp\/v2\/posts\/4550","targetHints":{"allow":["GET"]}}],"collection":[{"href":"https:\/\/www.newsrecorder.ro\/app\/wp-json\/wp\/v2\/posts"}],"about":[{"href":"https:\/\/www.newsrecorder.ro\/app\/wp-json\/wp\/v2\/types\/post"}],"author":[{"embeddable":true,"href":"https:\/\/www.newsrecorder.ro\/app\/wp-json\/wp\/v2\/users\/5"}],"replies":[{"embeddable":true,"href":"https:\/\/www.newsrecorder.ro\/app\/wp-json\/wp\/v2\/comments?post=4550"}],"version-history":[{"count":0,"href":"https:\/\/www.newsrecorder.ro\/app\/wp-json\/wp\/v2\/posts\/4550\/revisions"}],"wp:featuredmedia":[{"embeddable":true,"href":"https:\/\/www.newsrecorder.ro\/app\/wp-json\/wp\/v2\/media\/4551"}],"wp:attachment":[{"href":"https:\/\/www.newsrecorder.ro\/app\/wp-json\/wp\/v2\/media?parent=4550"}],"wp:term":[{"taxonomy":"category","embeddable":true,"href":"https:\/\/www.newsrecorder.ro\/app\/wp-json\/wp\/v2\/categories?post=4550"},{"taxonomy":"post_tag","embeddable":true,"href":"https:\/\/www.newsrecorder.ro\/app\/wp-json\/wp\/v2\/tags?post=4550"}],"curies":[{"name":"wp","href":"https:\/\/api.w.org\/{rel}","templated":true}]}}