{"id":4620,"date":"2026-02-22T20:44:45","date_gmt":"2026-02-22T20:44:45","guid":{"rendered":"https:\/\/www.newsrecorder.ro\/app\/2026\/02\/22\/abrudean-nu-se-sfieste-nu-regret-ce-am-spus-despre-golani\/"},"modified":"2026-02-22T20:44:45","modified_gmt":"2026-02-22T20:44:45","slug":"abrudean-nu-se-sfieste-nu-regret-ce-am-spus-despre-golani","status":"publish","type":"post","link":"https:\/\/www.newsrecorder.ro\/app\/2026\/02\/22\/abrudean-nu-se-sfieste-nu-regret-ce-am-spus-despre-golani\/","title":{"rendered":"Abrudean nu se sfie\u0219te: \u201eNu regret ce am spus despre golani!\u201d"},"content":{"rendered":"<p>\u201eNu am regrete \u0219i nu \u00eemi pare r\u0103u. Consider c\u0103 un astfel de comportament nu este acceptabil \u00een Senatul Rom\u00e2niei. Vorbesc despre Senat, deoarece este institu\u021bia pe care o conduc, iar astfel de ac\u021biuni nu pot fi tolerate\u201d, a afirmat <a href=\"https:\/\/www.mediafax.ro\/stirile-zilei\/mircea-abrudean-despre-numirea-la-serviciile-de-informatii-o-persoana-care-sa-cunoasca-foarte-bine-modul-de-functionare-a-statului-23691123\">Mircea Abrudean<\/a> \u00een cadrul unei interven\u021bii la Antena 3 CNN, fiind \u00eentrebat despre reac\u021bia sa la recentele incidente.<\/p>\n<p>Abrudean a explicat c\u0103 observa\u021biile sale se refereau la \u201e<a href=\"https:\/\/www.mediafax.ro\/politic\/doi-senatori-romani-s-au-imbrancit-si-au-fost-la-un-pas-sa-se-ia-la-bataie-scandalul-provocat-de-senatoarea-victoria-stoiciu-video-23689055\">unii colegi<\/a>\u201d care au provocat haos prin film\u0103ri \u0219i strig\u0103te, perturb\u00e2nd activitatea Senatului. Totodat\u0103, el a subliniat c\u0103 nu dore\u0219te s\u0103 generalizeze, av\u00e2nd un respect deosebit pentru to\u021bi colegii s\u0103i, dar a accentuat c\u0103 exist\u0103 o limit\u0103 \u00een ceea ce prive\u0219te comportamentul acceptabil.<\/p>\n<p>Pre\u0219edintele Senatului a anun\u021bat c\u0103 a luat m\u0103suri pentru restabilirea ordinii \u0219i a sesizat comisia juridic\u0103 pentru a analiza situa\u021bia. \u201eAm transmis Comisiei juridice, care este responsabil\u0103 de acest aspect, s\u0103 examineze cazul \u0219i s\u0103 aplice sanc\u021biunile necesare. Comportamentul observat nu ne onoreaz\u0103\u201d, a declarat el.<\/p>\n<p>Abrudean a subliniat c\u0103, at\u00e2t timp c\u00e2t va ocupa func\u021bia de pre\u0219edinte al Senatului, nu va tolera astfel de manifest\u0103ri. \u201eTrebuie s\u0103 fie sanc\u021biona\u021bi cei care \u00eencalc\u0103 normele, iar to\u021bi trebuie s\u0103 \u00een\u021beleag\u0103 c\u0103 nu au fost trimi\u0219i acolo pentru a se comporta astfel\u201d, a conchis acesta.<\/p>\n","protected":false},"excerpt":{"rendered":"<p>\u201eNu am regrete \u0219i nu \u00eemi pare r\u0103u. Consider c\u0103 un astfel de comportament nu este acceptabil \u00een Senatul Rom\u00e2niei. Vorbesc despre Senat, deoarece este institu\u021bia pe care o conduc, iar astfel de ac\u021biuni nu pot fi tolerate\u201d, a afirmat Mircea Abrudean \u00een cadrul unei interven\u021bii la Antena 3 CNN, fiind \u00eentrebat despre reac\u021bia sa [&hellip;]<\/p>\n","protected":false},"author":2,"featured_media":4621,"comment_status":"open","ping_status":"open","sticky":false,"template":"","format":"standard","meta":{"jnews-multi-image_gallery":[],"jnews_single_post":[],"jnews_primary_category":[],"jnews_override_counter":[],"footnotes":""},"categories":[39],"tags":[7124,7121,88,7122,3587,7123,7125,4283],"class_list":["post-4620","post","type-post","status-publish","format-standard","has-post-thumbnail","hentry","category-stirile-zilei","tag-comisia-juridica","tag-comportament-inacceptabil","tag-incidente","tag-masuri-disciplinare","tag-mircea-abrudean","tag-ordine","tag-respect-colegial","tag-senatul-romaniei"],"_links":{"self":[{"href":"https:\/\/www.newsrecorder.ro\/app\/wp-json\/wp\/v2\/posts\/4620","targetHints":{"allow":["GET"]}}],"collection":[{"href":"https:\/\/www.newsrecorder.ro\/app\/wp-json\/wp\/v2\/posts"}],"about":[{"href":"https:\/\/www.newsrecorder.ro\/app\/wp-json\/wp\/v2\/types\/post"}],"author":[{"embeddable":true,"href":"https:\/\/www.newsrecorder.ro\/app\/wp-json\/wp\/v2\/users\/2"}],"replies":[{"embeddable":true,"href":"https:\/\/www.newsrecorder.ro\/app\/wp-json\/wp\/v2\/comments?post=4620"}],"version-history":[{"count":0,"href":"https:\/\/www.newsrecorder.ro\/app\/wp-json\/wp\/v2\/posts\/4620\/revisions"}],"wp:featuredmedia":[{"embeddable":true,"href":"https:\/\/www.newsrecorder.ro\/app\/wp-json\/wp\/v2\/media\/4621"}],"wp:attachment":[{"href":"https:\/\/www.newsrecorder.ro\/app\/wp-json\/wp\/v2\/media?parent=4620"}],"wp:term":[{"taxonomy":"category","embeddable":true,"href":"https:\/\/www.newsrecorder.ro\/app\/wp-json\/wp\/v2\/categories?post=4620"},{"taxonomy":"post_tag","embeddable":true,"href":"https:\/\/www.newsrecorder.ro\/app\/wp-json\/wp\/v2\/tags?post=4620"}],"curies":[{"name":"wp","href":"https:\/\/api.w.org\/{rel}","templated":true}]}}