{"id":4622,"date":"2026-02-22T20:45:13","date_gmt":"2026-02-22T20:45:13","guid":{"rendered":"https:\/\/www.newsrecorder.ro\/app\/2026\/02\/22\/atentie-cod-galben-de-ceata-si-polei-in-cinci-judete-sudice\/"},"modified":"2026-02-22T20:45:13","modified_gmt":"2026-02-22T20:45:13","slug":"atentie-cod-galben-de-ceata-si-polei-in-cinci-judete-sudice","status":"publish","type":"post","link":"https:\/\/www.newsrecorder.ro\/app\/2026\/02\/22\/atentie-cod-galben-de-ceata-si-polei-in-cinci-judete-sudice\/","title":{"rendered":"Aten\u021bie! Cod galben de cea\u021b\u0103 \u0219i polei \u00een cinci jude\u021be sudice"},"content":{"rendered":"<p>Avertiz\u0103rile meteorologice au fost emise duminic\u0103 seara, anun\u021b\u00e2nd condi\u021bii de cea\u021b\u0103 dens\u0103 care vor cauza o vizibilitate redus\u0103, sub 200 de metri, iar \u00een anumite zone, chiar sub 50 de metri. De asemenea, aceste condi\u021bii pot facilita formarea poleiului, \u00een func\u021bie de specificitatea fiec\u0103rei regiuni.<\/p>\n<p>P\u00e2n\u0103 la ora 23:00, jude\u021bele Arge\u0219, Giurgiu, Ilfov, D\u00e2mbovi\u021ba \u0219i Teleorman se vor confrunta cu aceste fenomene meteorologice. Este esen\u021bial ca locuitorii din aceste zone s\u0103 fie precau\u021bi \u0219i s\u0103 se adapteze la condi\u021biile de drum dificile.<\/p>\n<p>\u00cen jude\u021bul Arge\u0219, localit\u0103\u021bile afectate includ: Coste\u0219ti, Buzoe\u0219ti, Leordeni, B\u00e2rla, Slobozia, Ungheni, Stolnici, Lunca Corbului, Suseni, C\u0103teasca, R\u0103te\u0219ti, Recea, Rociu, C\u0103ld\u0103raru, Miro\u0219i, Negra\u0219i, H\u00e2rse\u0219ti, Moz\u0103ceni, Pope\u0219ti, Izvoru, \u0218tefan cel Mare, S\u0103pata, Teiu \u0219i R\u00e2ca.<\/p>\n<p>Jude\u021bul Giurgiu va fi, de asemenea, sub inciden\u021ba acestei aten\u021bion\u0103ri, afect\u00e2nd localit\u0103\u021bile Bolintin-Vale, Flore\u0219ti-Stoene\u0219ti, Roata de Jos, Ulmi, Ghimpa\u021bi, Bolintin-Deal, G\u0103iseni, V\u00e2n\u0103torii Mici, Ogrezeni, Crevedia Mare, Buturugeni, Buc\u0219ani, Letca Nou\u0103, Singureni, Gr\u0103dinari, R\u0103suceni, Clejani, M\u00e2r\u0219a, Iepure\u0219ti, Schitu, Cosoba \u0219i Bulbucata.<\/p>\n<p>\u00cen D\u00e2mbovi\u021ba, localit\u0103\u021bile ce se afl\u0103 sub aten\u021bionare includ Ro\u0219iorii de Vede, Videle, Orbeasca, Botoroaga, Dobrote\u0219ti, Dr\u0103g\u0103ne\u0219ti-Vla\u0219ca, M\u0103ld\u0103eni, T\u0103t\u0103r\u0103\u0219tii de Jos, Scrioa\u0219tea, C\u0103line\u0219ti, Ciol\u0103ne\u0219ti, Bleje\u0219ti, V\u00e2rtoape \u0219i Trivalea-Mo\u0219ten. De asemenea, alte localit\u0103\u021bi din D\u00e2mbovi\u021ba, precum G\u0103e\u0219ti, Titu, Potlogi, Corne\u0219ti, Corbii Mari, Dragodana, R\u0103cari, Crevedia, Petre\u0219ti, Cojasca, Lungule\u021bu \u0219i Gura \u0218u\u021bii, vor fi afectate de aceste condi\u021bii meteo severe.<\/p>\n<p>\u00cen jude\u021bul Ilfov, aten\u021bionarea se aplic\u0103 pe \u00eentreg teritoriul, ceea ce sugereaz\u0103 c\u0103 to\u021bi locuitorii trebuie s\u0103 fie vigilen\u021bi \u0219i s\u0103 \u021bin\u0103 cont de condi\u021biile meteorologice. Este recomandat ca to\u021bi cei care c\u0103l\u0103toresc \u00een aceste zone s\u0103 \u00ee\u0219i adapteze planurile \u0219i s\u0103 fie preg\u0103ti\u021bi pentru eventualele dificult\u0103\u021bi cauzate de cea\u021b\u0103 \u0219i polei.<\/p>\n","protected":false},"excerpt":{"rendered":"<p>Avertiz\u0103rile meteorologice au fost emise duminic\u0103 seara, anun\u021b\u00e2nd condi\u021bii de cea\u021b\u0103 dens\u0103 care vor cauza o vizibilitate redus\u0103, sub 200 de metri, iar \u00een anumite zone, chiar sub 50 de metri. De asemenea, aceste condi\u021bii pot facilita formarea poleiului, \u00een func\u021bie de specificitatea fiec\u0103rei regiuni. P\u00e2n\u0103 la ora 23:00, jude\u021bele Arge\u0219, Giurgiu, Ilfov, D\u00e2mbovi\u021ba \u0219i [&hellip;]<\/p>\n","protected":false},"author":2,"featured_media":4623,"comment_status":"open","ping_status":"open","sticky":false,"template":"","format":"standard","meta":{"jnews-multi-image_gallery":[],"jnews_single_post":[],"jnews_primary_category":[],"jnews_override_counter":[],"footnotes":""},"categories":[39],"tags":[740,2256,1146,2825,3699,136,7126,1807],"class_list":["post-4622","post","type-post","status-publish","format-standard","has-post-thumbnail","hentry","category-stirile-zilei","tag-avertizari-meteorologice","tag-ceata-densa","tag-conditii-de-drum","tag-judetul-arges","tag-judetul-giurgiu","tag-polei","tag-precautii","tag-vizibilitate-redusa"],"_links":{"self":[{"href":"https:\/\/www.newsrecorder.ro\/app\/wp-json\/wp\/v2\/posts\/4622","targetHints":{"allow":["GET"]}}],"collection":[{"href":"https:\/\/www.newsrecorder.ro\/app\/wp-json\/wp\/v2\/posts"}],"about":[{"href":"https:\/\/www.newsrecorder.ro\/app\/wp-json\/wp\/v2\/types\/post"}],"author":[{"embeddable":true,"href":"https:\/\/www.newsrecorder.ro\/app\/wp-json\/wp\/v2\/users\/2"}],"replies":[{"embeddable":true,"href":"https:\/\/www.newsrecorder.ro\/app\/wp-json\/wp\/v2\/comments?post=4622"}],"version-history":[{"count":0,"href":"https:\/\/www.newsrecorder.ro\/app\/wp-json\/wp\/v2\/posts\/4622\/revisions"}],"wp:featuredmedia":[{"embeddable":true,"href":"https:\/\/www.newsrecorder.ro\/app\/wp-json\/wp\/v2\/media\/4623"}],"wp:attachment":[{"href":"https:\/\/www.newsrecorder.ro\/app\/wp-json\/wp\/v2\/media?parent=4622"}],"wp:term":[{"taxonomy":"category","embeddable":true,"href":"https:\/\/www.newsrecorder.ro\/app\/wp-json\/wp\/v2\/categories?post=4622"},{"taxonomy":"post_tag","embeddable":true,"href":"https:\/\/www.newsrecorder.ro\/app\/wp-json\/wp\/v2\/tags?post=4622"}],"curies":[{"name":"wp","href":"https:\/\/api.w.org\/{rel}","templated":true}]}}