{"id":4624,"date":"2026-02-22T21:11:05","date_gmt":"2026-02-22T21:11:05","guid":{"rendered":"https:\/\/www.newsrecorder.ro\/app\/2026\/02\/22\/trump-impune-tarife-globale-de-15-dupa-infrangerea-de-la-ccr-2\/"},"modified":"2026-02-22T21:11:05","modified_gmt":"2026-02-22T21:11:05","slug":"trump-impune-tarife-globale-de-15-dupa-infrangerea-de-la-ccr-2","status":"publish","type":"post","link":"https:\/\/www.newsrecorder.ro\/app\/2026\/02\/22\/trump-impune-tarife-globale-de-15-dupa-infrangerea-de-la-ccr-2\/","title":{"rendered":"Trump impune tarife globale de 15% dup\u0103 \u00eenfr\u00e2ngerea de la \u201eCCR\u201d"},"content":{"rendered":"<p><a href=\"https:\/\/www.mediafax.ro\/economic\/ce-inseamna-marea-infrangere-a-lui-trump-la-ccr-ul-american-23690527\">Dup\u0103 o decizie sever\u0103 pronun\u021bat\u0103 vineri de c\u0103tre cea mai \u00eenalt\u0103 instan\u021b\u0103 din Statele Unite<\/a>, Donald Trump a semnat o proclamatie care impune temporar o tax\u0103 de 10% asupra importurilor. Aceast\u0103 m\u0103sur\u0103 se bazeaz\u0103 pe sec\u021biunea 122 din Legea Comer\u021bului din 1974, care \u00eei confer\u0103 pre\u0219edintelui autoritatea de a stabili restric\u021bii comerciale pentru o perioad\u0103 de p\u00e2n\u0103 la 150 de zile, conform informa\u021biilor furnizate de <a href=\"https:\/\/www.ft.com\/content\/8b1e0364-092e-4b8c-8391-23b59840e74d?accessToken=zwAGS1kD4rp4kdOLHgNkCS5LjNODkSO1mEDnTQ.MEYCIQD_EQ-L0sPnqYU1afAT5MRIcSUpXyBp55pHwIPBFH19LwIhAMyyQKlemGMaeV1hoh_LhH-6543gT3JhYEU75gS20HaI&amp;sharetype=gift&amp;token=6366dd1e-bd45-4c8e-ac98-ebaf312cb874\" target=\"_blank\" rel=\"noopener\">Financial Times<\/a>.<\/p>\n<p>Aceast\u0103 ac\u021biune reprezint\u0103 una dintre alternativele pe care Trump le-a promis c\u0103 le va implementa dup\u0103 ce Curtea Suprem\u0103 a decis c\u0103 a dep\u0103\u0219it limitele legale prin utilizarea Legii privind Puterile Economice \u00een Situa\u021bii de Urgen\u021b\u0103 Interna\u021bional\u0103 pentru a impune tarife asupra mai multor \u021b\u0103ri.<\/p>\n<p>S\u00e2mb\u0103t\u0103, <strong>Trump a declarat pe re\u021belele sociale c\u0103, dup\u0103 o analiz\u0103 a deciziei instan\u021bei, \u201e\u00eencep\u00e2nd imediat, voi cre\u0219te tariful global de 10% aplicat \u021b\u0103rilor, multe dintre ele profit\u00e2nd de Statele Unite timp de decenii, f\u0103r\u0103 nicio consecin\u021b\u0103 (p\u00e2n\u0103 am ap\u0103rut eu!), la maximul legal permis \u0219i testat, de 15%\u201d.<\/strong><\/p>\n<p>Pre\u0219edintele a ad\u0103ugat c\u0103 \u201e\u00een urm\u0103toarele luni, administra\u021bia Trump va stabili \u0219i va anun\u021ba noile tarife care sunt permise din punct de vedere legal\u201d.<\/p>\n","protected":false},"excerpt":{"rendered":"<p>Dup\u0103 o decizie sever\u0103 pronun\u021bat\u0103 vineri de c\u0103tre cea mai \u00eenalt\u0103 instan\u021b\u0103 din Statele Unite, Donald Trump a semnat o proclamatie care impune temporar o tax\u0103 de 10% asupra importurilor. Aceast\u0103 m\u0103sur\u0103 se bazeaz\u0103 pe sec\u021biunea 122 din Legea Comer\u021bului din 1974, care \u00eei confer\u0103 pre\u0219edintelui autoritatea de a stabili restric\u021bii comerciale pentru o perioad\u0103 [&hellip;]<\/p>\n","protected":false},"author":4,"featured_media":4625,"comment_status":"open","ping_status":"open","sticky":false,"template":"","format":"standard","meta":{"jnews-multi-image_gallery":[],"jnews_single_post":[],"jnews_primary_category":[],"jnews_override_counter":[],"footnotes":""},"categories":[40],"tags":[6573,31,693,6840,7128,6839,708,7127],"class_list":["post-4624","post","type-post","status-publish","format-standard","has-post-thumbnail","hentry","category-econonie","tag-curtea-suprema","tag-jnews_demo_donald-trump","tag-instanta","tag-legea-comertului","tag-puteri-economice","tag-restrictii-comerciale","tag-tarife","tag-taxa-importuri"],"_links":{"self":[{"href":"https:\/\/www.newsrecorder.ro\/app\/wp-json\/wp\/v2\/posts\/4624","targetHints":{"allow":["GET"]}}],"collection":[{"href":"https:\/\/www.newsrecorder.ro\/app\/wp-json\/wp\/v2\/posts"}],"about":[{"href":"https:\/\/www.newsrecorder.ro\/app\/wp-json\/wp\/v2\/types\/post"}],"author":[{"embeddable":true,"href":"https:\/\/www.newsrecorder.ro\/app\/wp-json\/wp\/v2\/users\/4"}],"replies":[{"embeddable":true,"href":"https:\/\/www.newsrecorder.ro\/app\/wp-json\/wp\/v2\/comments?post=4624"}],"version-history":[{"count":0,"href":"https:\/\/www.newsrecorder.ro\/app\/wp-json\/wp\/v2\/posts\/4624\/revisions"}],"wp:featuredmedia":[{"embeddable":true,"href":"https:\/\/www.newsrecorder.ro\/app\/wp-json\/wp\/v2\/media\/4625"}],"wp:attachment":[{"href":"https:\/\/www.newsrecorder.ro\/app\/wp-json\/wp\/v2\/media?parent=4624"}],"wp:term":[{"taxonomy":"category","embeddable":true,"href":"https:\/\/www.newsrecorder.ro\/app\/wp-json\/wp\/v2\/categories?post=4624"},{"taxonomy":"post_tag","embeddable":true,"href":"https:\/\/www.newsrecorder.ro\/app\/wp-json\/wp\/v2\/tags?post=4624"}],"curies":[{"name":"wp","href":"https:\/\/api.w.org\/{rel}","templated":true}]}}