{"id":4626,"date":"2026-02-22T21:11:22","date_gmt":"2026-02-22T21:11:22","guid":{"rendered":"https:\/\/www.newsrecorder.ro\/app\/2026\/02\/22\/mircea-abrudean-expertiza-esentiala-pentru-serviciile-de-informatii\/"},"modified":"2026-02-22T21:11:22","modified_gmt":"2026-02-22T21:11:22","slug":"mircea-abrudean-expertiza-esentiala-pentru-serviciile-de-informatii","status":"publish","type":"post","link":"https:\/\/www.newsrecorder.ro\/app\/2026\/02\/22\/mircea-abrudean-expertiza-esentiala-pentru-serviciile-de-informatii\/","title":{"rendered":"Mircea Abrudean: Expertiza esen\u021bial\u0103 pentru serviciile de informa\u021bii!"},"content":{"rendered":"<p>\u00cen leg\u0103tur\u0103 cu o posibil\u0103 nominalizare la conducerea Serviciului Rom\u00e2n de Informa\u021bii (SRI), Abrudean a subliniat: \u201eTrebuie s\u0103 fii ipocrit s\u0103 afirmi c\u0103 nu \u021bi-ai dori s\u0103 ocupi o astfel de func\u021bie. Dac\u0103 cineva \u00ee\u021bi propune aceast\u0103 oportunitate, nu cred c\u0103 mul\u021bi ar refuza. Este o situa\u021bie complex\u0103, iar eu nu pot specula asupra unui astfel de lucru, av\u00e2nd \u00een vedere c\u0103 nu este o discu\u021bie actual\u0103. Dac\u0103 vreodat\u0103 se va ridica aceast\u0103 problem\u0103, voi lua \u00een considerare situa\u021bia de atunci. Anticiparea unor evenimente despre care nu se discut\u0103 acum nu are sens.\u201d<\/p>\n<p>Referitor la profilul ideal al unui director al serviciilor de informa\u021bii, pre\u0219edintele Senatului a afirmat: \u201eNu cred c\u0103 este necesar ca o persoan\u0103 s\u0103 fie extrem de calificat\u0103 pentru a ocupa o astfel de pozi\u021bie. Este evident c\u0103 trebuie s\u0103 avem un lider care s\u0103 \u00een\u021beleag\u0103 foarte bine func\u021bionarea statului \u0219i a institu\u021biilor sale, precum \u0219i modul \u00een care acestea interac\u021bioneaz\u0103.\u201d<\/p>\n<p>Abrudean a ad\u0103ugat c\u0103 este esen\u021bial ca nominaliz\u0103rile s\u0103 aib\u0103 o leg\u0103tur\u0103 bun\u0103 cu mediul politic. \u201eSe poate colabora cu mediul politic, indiferent de preferin\u021bele personale fa\u021b\u0103 de directorul civil al acestui serviciu. Chiar dac\u0103 el poate fi apolitic ca individ, interac\u021biunea cu politicul este inevitabil\u0103, av\u00e2nd \u00een vedere c\u0103 este votat de Parlamentul Rom\u00e2niei, care este o institu\u021bie politic\u0103. Consider c\u0103 exist\u0103 anumite criterii pe care aceste persoane ar trebui s\u0103 le \u00eendeplineasc\u0103.\u201d<\/p>\n<p>\u00cen ceea ce prive\u0219te o eventual\u0103 numire a unui pre\u0219edinte din afara sferei politice, Abrudean a declarat: \u201eAceasta este o alegere a pre\u0219edintelui, iar decizia \u00eei apar\u021bine. Totu\u0219i, av\u00e2nd \u00een vedere contextul actual, nu doar \u00een Rom\u00e2nia, ci \u0219i \u00een \u00eentreaga regiune, cred c\u0103 este necesar ca persoanele care ocup\u0103 aceste func\u021bii s\u0103 aib\u0103 experien\u021b\u0103 \u00een conducerea institu\u021biilor \u0219i s\u0103 fi interac\u021bionat cu sectorul public. Ace\u0219tia sunt cei care pot \u00een\u021belege mai bine situa\u021biile complexe.\u201d<\/p>\n","protected":false},"excerpt":{"rendered":"<p>\u00cen leg\u0103tur\u0103 cu o posibil\u0103 nominalizare la conducerea Serviciului Rom\u00e2n de Informa\u021bii (SRI), Abrudean a subliniat: \u201eTrebuie s\u0103 fii ipocrit s\u0103 afirmi c\u0103 nu \u021bi-ai dori s\u0103 ocupi o astfel de func\u021bie. Dac\u0103 cineva \u00ee\u021bi propune aceast\u0103 oportunitate, nu cred c\u0103 mul\u021bi ar refuza. Este o situa\u021bie complex\u0103, iar eu nu pot specula asupra unui [&hellip;]<\/p>\n","protected":false},"author":2,"featured_media":4627,"comment_status":"open","ping_status":"open","sticky":false,"template":"","format":"standard","meta":{"jnews-multi-image_gallery":[],"jnews_single_post":[],"jnews_primary_category":[],"jnews_override_counter":[],"footnotes":""},"categories":[39],"tags":[1073,7131,7133,1254,7130,7132,7129,7134],"class_list":["post-4626","post","type-post","status-publish","format-standard","has-post-thumbnail","hentry","category-stirile-zilei","tag-conducere","tag-director","tag-functie","tag-lider","tag-nominalizare","tag-profil-ideal","tag-serviciul-roman-de-informatii","tag-stat"],"_links":{"self":[{"href":"https:\/\/www.newsrecorder.ro\/app\/wp-json\/wp\/v2\/posts\/4626","targetHints":{"allow":["GET"]}}],"collection":[{"href":"https:\/\/www.newsrecorder.ro\/app\/wp-json\/wp\/v2\/posts"}],"about":[{"href":"https:\/\/www.newsrecorder.ro\/app\/wp-json\/wp\/v2\/types\/post"}],"author":[{"embeddable":true,"href":"https:\/\/www.newsrecorder.ro\/app\/wp-json\/wp\/v2\/users\/2"}],"replies":[{"embeddable":true,"href":"https:\/\/www.newsrecorder.ro\/app\/wp-json\/wp\/v2\/comments?post=4626"}],"version-history":[{"count":0,"href":"https:\/\/www.newsrecorder.ro\/app\/wp-json\/wp\/v2\/posts\/4626\/revisions"}],"wp:featuredmedia":[{"embeddable":true,"href":"https:\/\/www.newsrecorder.ro\/app\/wp-json\/wp\/v2\/media\/4627"}],"wp:attachment":[{"href":"https:\/\/www.newsrecorder.ro\/app\/wp-json\/wp\/v2\/media?parent=4626"}],"wp:term":[{"taxonomy":"category","embeddable":true,"href":"https:\/\/www.newsrecorder.ro\/app\/wp-json\/wp\/v2\/categories?post=4626"},{"taxonomy":"post_tag","embeddable":true,"href":"https:\/\/www.newsrecorder.ro\/app\/wp-json\/wp\/v2\/tags?post=4626"}],"curies":[{"name":"wp","href":"https:\/\/api.w.org\/{rel}","templated":true}]}}