{"id":4650,"date":"2026-02-23T06:54:50","date_gmt":"2026-02-23T06:54:50","guid":{"rendered":"https:\/\/www.newsrecorder.ro\/app\/2026\/02\/23\/ministrul-sanatatii-nu-astept-aleg-sa-fiu-pregatit\/"},"modified":"2026-02-23T06:54:50","modified_gmt":"2026-02-23T06:54:50","slug":"ministrul-sanatatii-nu-astept-aleg-sa-fiu-pregatit","status":"publish","type":"post","link":"https:\/\/www.newsrecorder.ro\/app\/2026\/02\/23\/ministrul-sanatatii-nu-astept-aleg-sa-fiu-pregatit\/","title":{"rendered":"\u201eMinistrul S\u0103n\u0103t\u0103\u021bii: \u201eNu a\u0219tept! Aleg s\u0103 fiu preg\u0103tit!\u201d"},"content":{"rendered":"<p>Conform celor raportate de Departamentul pentru Situa\u021bii de Urgen\u021b\u0103, un avion Airbus A320 a realizat un zbor de aproximativ o or\u0103 pentru a consuma carburant, av\u00e2nd ca scop atingerea greut\u0103\u021bii optime pentru aterizare. Este important de subliniat c\u0103 niciun pasager nu a necesitat \u00eengrijiri medicale \u00een urma acestui incident.<\/p>\n<p>\u00centr-o postare pe re\u021belele sociale, ministrul s\u0103n\u0103t\u0103\u021bii, Alexandru Rogobete, a explicat motivele pentru care a decis s\u0103 comunice public aceast\u0103 situa\u021bie \u0219i a activat sistemul de alert\u0103. &#8222;Observ c\u0103 lucrurile devin tensionate\u2026 dar de ce s\u0103 a\u0219tept?&#8221;, a scris el, subliniind importan\u021ba comunic\u0103rii transparente.<\/p>\n<p>Ministrul a men\u021bionat c\u0103 a fost informat ini\u021bial despre o posibil\u0103 depresurizare a aeronavei. Aceasta a fost nevoit\u0103 s\u0103 survoleze pentru a-\u0219i reduce greutatea \u00eenainte de aterizare, estim\u00e2nd un interval de &#8222;aproximativ 40\u201345 de minute&#8221;. \u00cen acest context, Rogobete a pus accent pe preven\u021bie, afirm\u00e2nd: &#8222;Rolul meu, ca ministru al S\u0103n\u0103t\u0103\u021bii, este s\u0103 fiu preg\u0103tit \u00eenainte de a se \u00eent\u00e2mpla o tragedie, nu s\u0103 reac\u021bionez dup\u0103 ce s-a \u00eent\u00e2mplat.&#8221; <\/p>\n<p>De asemenea, el a eviden\u021biat presiunea existent\u0103 asupra spitalelor \u0219i riscul unui scenariu cu victime multiple, explic\u00e2nd c\u0103 &#8222;victimele multiple nu se trateaz\u0103 pe pist\u0103, ci \u00een spitale.&#8221; De asemenea, a subliniat c\u0103 multe unit\u0103\u021bi medicale func\u021bioneaz\u0103 la capacitate maxim\u0103.<\/p>\n<p>\u00cen acest context, ministrul a anun\u021bat c\u0103 a convocat spitalele de urgen\u021b\u0103 din Bucure\u0219ti \u00eentr-o celul\u0103 de criz\u0103, men\u021bion\u00e2nd coordonarea cu Ministerul Transporturilor, aeroportul \u0219i structurile de interven\u021bie. Potrivit informa\u021biilor din pres\u0103, Ministerul S\u0103n\u0103t\u0103\u021bii a decis s\u0103 pun\u0103 \u00een alert\u0103 \u0219apte spitale, inclusiv Spitalul Universitar de Urgen\u021b\u0103 Bucure\u0219ti, Spitalul Clinic de Urgen\u021b\u0103 Bucure\u0219ti (Floreasca), Spitalul Clinic de Urgen\u021b\u0103 Bagdasar-Arseni, Spitalul Universitar de Urgen\u021b\u0103 Elias, Spitalul Clinic de Urgen\u021b\u0103 pentru Copii Grigore Alexandrescu, Spitalul Universitar de Urgen\u021b\u0103 Militar Central Dr. Carol Davila, precum \u0219i Serviciul de Ambulan\u021b\u0103 Bucure\u0219ti-Ilfov.<\/p>\n<p>\u00cen postarea sa, ministrul a respins acuza\u021biile referitoare la crearea panicii, afirm\u00e2nd: &#8222;A sus\u021bine c\u0103 am creat panic\u0103 este complet absurd. Informarea reprezint\u0103 transparen\u021b\u0103.&#8221; El a \u00eencheiat prin a-\u0219i asuma public decizia de a reac\u021biona rapid: &#8222;\u00cemi asum decizia de a comunica \u0219i de a ac\u021biona prompt. Aleg s\u0103 fiu preg\u0103tit, \u00eentotdeauna.&#8221; <\/p>\n<p>Autorit\u0103\u021bile au confirmat c\u0103 incidentul a fost gestionat \u00een mod preventiv, iar aterizarea aeronavei s-a realizat \u00een condi\u021bii de siguran\u021b\u0103.<\/p>\n","protected":false},"excerpt":{"rendered":"<p>Conform celor raportate de Departamentul pentru Situa\u021bii de Urgen\u021b\u0103, un avion Airbus A320 a realizat un zbor de aproximativ o or\u0103 pentru a consuma carburant, av\u00e2nd ca scop atingerea greut\u0103\u021bii optime pentru aterizare. Este important de subliniat c\u0103 niciun pasager nu a necesitat \u00eengrijiri medicale \u00een urma acestui incident. \u00centr-o postare pe re\u021belele sociale, ministrul [&hellip;]<\/p>\n","protected":false},"author":2,"featured_media":4651,"comment_status":"open","ping_status":"open","sticky":false,"template":"","format":"standard","meta":{"jnews-multi-image_gallery":[],"jnews_single_post":[],"jnews_primary_category":[],"jnews_override_counter":[],"footnotes":""},"categories":[42],"tags":[134,7136,7176,1003,2425,551,1842,7177],"class_list":["post-4650","post","type-post","status-publish","format-standard","has-post-thumbnail","hentry","category-politica","tag-alerta","tag-aterizare","tag-avion","tag-comunicare","tag-preventie","tag-sanatate","tag-transparenta","tag-zbor"],"_links":{"self":[{"href":"https:\/\/www.newsrecorder.ro\/app\/wp-json\/wp\/v2\/posts\/4650","targetHints":{"allow":["GET"]}}],"collection":[{"href":"https:\/\/www.newsrecorder.ro\/app\/wp-json\/wp\/v2\/posts"}],"about":[{"href":"https:\/\/www.newsrecorder.ro\/app\/wp-json\/wp\/v2\/types\/post"}],"author":[{"embeddable":true,"href":"https:\/\/www.newsrecorder.ro\/app\/wp-json\/wp\/v2\/users\/2"}],"replies":[{"embeddable":true,"href":"https:\/\/www.newsrecorder.ro\/app\/wp-json\/wp\/v2\/comments?post=4650"}],"version-history":[{"count":0,"href":"https:\/\/www.newsrecorder.ro\/app\/wp-json\/wp\/v2\/posts\/4650\/revisions"}],"wp:featuredmedia":[{"embeddable":true,"href":"https:\/\/www.newsrecorder.ro\/app\/wp-json\/wp\/v2\/media\/4651"}],"wp:attachment":[{"href":"https:\/\/www.newsrecorder.ro\/app\/wp-json\/wp\/v2\/media?parent=4650"}],"wp:term":[{"taxonomy":"category","embeddable":true,"href":"https:\/\/www.newsrecorder.ro\/app\/wp-json\/wp\/v2\/categories?post=4650"},{"taxonomy":"post_tag","embeddable":true,"href":"https:\/\/www.newsrecorder.ro\/app\/wp-json\/wp\/v2\/tags?post=4650"}],"curies":[{"name":"wp","href":"https:\/\/api.w.org\/{rel}","templated":true}]}}