{"id":4654,"date":"2026-02-23T06:55:26","date_gmt":"2026-02-23T06:55:26","guid":{"rendered":"https:\/\/www.newsrecorder.ro\/app\/2026\/02\/23\/radu-miruta-fara-securitate-economia-si-educatia-sunt-in-pericol\/"},"modified":"2026-02-23T06:55:26","modified_gmt":"2026-02-23T06:55:26","slug":"radu-miruta-fara-securitate-economia-si-educatia-sunt-in-pericol","status":"publish","type":"post","link":"https:\/\/www.newsrecorder.ro\/app\/2026\/02\/23\/radu-miruta-fara-securitate-economia-si-educatia-sunt-in-pericol\/","title":{"rendered":"Radu Miru\u021b\u0103: F\u0103r\u0103 securitate, economia \u0219i educa\u021bia sunt \u00een pericol!"},"content":{"rendered":"<p>Radu Miru\u021b\u0103 a eviden\u021biat faptul c\u0103 discu\u021biile despre reducerea cheltuielilor publice au pornit de la principiul c\u0103 toate ministerele trebuie s\u0103 contribuie la acest efort. Totu\u0219i, \u00een cazul Ministerului Ap\u0103r\u0103rii, exist\u0103 limite bine definite. <\/p>\n<p>\u201eNu putem discuta despre economie, s\u0103n\u0103tate sau educa\u021bie f\u0103r\u0103 a avea \u00een prealabil o securitate solid\u0103. Astfel, pentru ap\u0103rare, s-a convenit c\u0103 \u00eentr-un context de r\u0103zboi la grani\u021b\u0103 nu este posibil s\u0103 reduci pensiile, s\u0103 concediezi militari sau s\u0103 scazi veniturile acestora\u201d, a declarat Miru\u021b\u0103 duminic\u0103, \u00een cadrul emisiunii de la Digi24.<\/p>\n<p>\u00cen ciuda acestor considera\u021bii, el a confirmat c\u0103 se aliniaz\u0103 f\u0103r\u0103 ezitare pozi\u021biei guvernului de a reduce cheltuielile cu 10%. \u201eMinisterul Ap\u0103r\u0103rii va contribui la acest efort, \u00eens\u0103 nu prin afectarea nucleului ap\u0103r\u0103rii, adic\u0103 a personalului. Sunt multe cheltuieli colaterale care pot fi diminuate, astfel \u00eenc\u00e2t, la final, cheltuielile s\u0103 fie mai mici f\u0103r\u0103 a impacta esen\u021ba activit\u0103\u021bilor de ap\u0103rare\u201d, a subliniat Miru\u021b\u0103.<\/p>\n<p>\u00cen ceea ce prive\u0219te pensiile militare \u0219i v\u00e2rsta de retragere, ministrul a respins vehement ideea c\u0103 to\u021bi militarii s-ar pensiona anticipat. El a explicat c\u0103 exist\u0103 anumite activit\u0103\u021bi \u00een domeniul Ap\u0103r\u0103rii care pot conduce la o reducere a v\u00e2rstei de pensionare: \u201eAm verificat anul trecut \u0219i, pe parcursul anului 2025, doar o singur\u0103 persoan\u0103 a beneficiat de o reducere a v\u00e2rstei de pensionare cu 13 ani. Exist\u0103 situa\u021bii specifice, \u00een func\u021bie de zona de activitate, care permit o astfel de reducere. De exemplu, scafandrii \u0219i para\u0219uti\u0219tii pot avea sc\u0103deri cuprinse \u00eentre 1 \u0219i 6 ani, dar acestea sunt cazuri izolate\u201d. <\/p>\n<p>Miru\u021b\u0103 a ad\u0103ugat c\u0103, \u00een 2025, v\u00e2rsta minim\u0103 de pensionare \u00een sistemul militar va \u00eencepe s\u0103 creasc\u0103: \u201eAnul trecut, v\u00e2rsta minim\u0103 de pensionare era de 48 de ani, iar v\u00e2rsta medie a pensionarilor \u00een domeniul militar a fost de 52 de ani. Aceast\u0103 v\u00e2rst\u0103 va continua s\u0103 creasc\u0103 anual. Conform legisla\u021biei actuale, se preconizeaz\u0103 c\u0103 \u00een 2035 v\u00e2rsta standard de pensionare va fi de 65 de ani, cu posibilitatea de a sc\u0103dea, a\u0219a cum a fost cazul unui militar anul trecut, cu maxim 13 ani\u201d.<\/p>\n","protected":false},"excerpt":{"rendered":"<p>Radu Miru\u021b\u0103 a eviden\u021biat faptul c\u0103 discu\u021biile despre reducerea cheltuielilor publice au pornit de la principiul c\u0103 toate ministerele trebuie s\u0103 contribuie la acest efort. Totu\u0219i, \u00een cazul Ministerului Ap\u0103r\u0103rii, exist\u0103 limite bine definite. \u201eNu putem discuta despre economie, s\u0103n\u0103tate sau educa\u021bie f\u0103r\u0103 a avea \u00een prealabil o securitate solid\u0103. Astfel, pentru ap\u0103rare, s-a convenit [&hellip;]<\/p>\n","protected":false},"author":2,"featured_media":4655,"comment_status":"open","ping_status":"open","sticky":false,"template":"","format":"standard","meta":{"jnews-multi-image_gallery":[],"jnews_single_post":[],"jnews_primary_category":[],"jnews_override_counter":[],"footnotes":""},"categories":[42],"tags":[5423,780,301,472,4084,4739,4196,874],"class_list":["post-4654","post","type-post","status-publish","format-standard","has-post-thumbnail","hentry","category-politica","tag-cheltuieli-publice","tag-economie","tag-guvern","tag-ministerul-apararii","tag-pensii","tag-radu-miruta","tag-reducere-cheltuieli","tag-securitate"],"_links":{"self":[{"href":"https:\/\/www.newsrecorder.ro\/app\/wp-json\/wp\/v2\/posts\/4654","targetHints":{"allow":["GET"]}}],"collection":[{"href":"https:\/\/www.newsrecorder.ro\/app\/wp-json\/wp\/v2\/posts"}],"about":[{"href":"https:\/\/www.newsrecorder.ro\/app\/wp-json\/wp\/v2\/types\/post"}],"author":[{"embeddable":true,"href":"https:\/\/www.newsrecorder.ro\/app\/wp-json\/wp\/v2\/users\/2"}],"replies":[{"embeddable":true,"href":"https:\/\/www.newsrecorder.ro\/app\/wp-json\/wp\/v2\/comments?post=4654"}],"version-history":[{"count":0,"href":"https:\/\/www.newsrecorder.ro\/app\/wp-json\/wp\/v2\/posts\/4654\/revisions"}],"wp:featuredmedia":[{"embeddable":true,"href":"https:\/\/www.newsrecorder.ro\/app\/wp-json\/wp\/v2\/media\/4655"}],"wp:attachment":[{"href":"https:\/\/www.newsrecorder.ro\/app\/wp-json\/wp\/v2\/media?parent=4654"}],"wp:term":[{"taxonomy":"category","embeddable":true,"href":"https:\/\/www.newsrecorder.ro\/app\/wp-json\/wp\/v2\/categories?post=4654"},{"taxonomy":"post_tag","embeddable":true,"href":"https:\/\/www.newsrecorder.ro\/app\/wp-json\/wp\/v2\/tags?post=4654"}],"curies":[{"name":"wp","href":"https:\/\/api.w.org\/{rel}","templated":true}]}}