{"id":467,"date":"2026-01-23T20:15:49","date_gmt":"2026-01-23T20:15:49","guid":{"rendered":"https:\/\/www.newsrecorder.ro\/app\/2026\/01\/23\/rapid-bucuresti-sanctionata-cu-40-000-de-lei-dupa-derbiul-cu-fcsb\/"},"modified":"2026-01-23T20:15:49","modified_gmt":"2026-01-23T20:15:49","slug":"rapid-bucuresti-sanctionata-cu-40-000-de-lei-dupa-derbiul-cu-fcsb","status":"publish","type":"post","link":"https:\/\/www.newsrecorder.ro\/app\/2026\/01\/23\/rapid-bucuresti-sanctionata-cu-40-000-de-lei-dupa-derbiul-cu-fcsb\/","title":{"rendered":"Rapid Bucure\u0219ti, sanc\u021bionat\u0103 cu 40.000 de lei dup\u0103 derbiul cu FCSB!"},"content":{"rendered":"<p>\u00cen urma incidentelor petrecute \u00een timpul meciului c\u00e2\u0219tigat de FCSB \u00een fa\u021ba celor de la Rapid 1923, cu un scor de 2-1, clubul Rapid a fost sanc\u021bionat cu o penalitate sportiv\u0103 \u00een valoare de 37.968 de lei. Aceast\u0103 sanc\u021biune a fost considerat\u0103 cea mai sever\u0103, venind dup\u0103 o amend\u0103 prealabil\u0103 de 7.500 de lei, care a fost absorbit\u0103 de penalitatea principal\u0103.<\/p>\n<p>Pe de alt\u0103 parte, FCSB s-a ales cu o amend\u0103 de 5.000 de lei pentru comportamentul suporterilor s\u0103i \u00een timpul acelea\u0219i confrunt\u0103ri.<\/p>\n<p>Atmosfera din tribune a fost una extrem de tensionat\u0103, iar \u00een minutul 8 al jocului, fanii Rapidului au lansat petarde \u0219i fumigene pe teren, ceea ce a determinat arbitrul Istvan Kovacs s\u0103 opreasc\u0103 partida temporar.<\/p>\n<p>\u00cen ceea ce prive\u0219te alte meciuri din campionat, la confruntarea dintre Dinamo \u0219i Universitatea Cluj, care s-a \u00eencheiat cu victoria lui Dinamo, scor 1-0, ambele echipe au fost sanc\u021bionate cu c\u00e2te 4.000 de lei fiecare pentru incidentele care au avut loc.<\/p>\n<p>Comisia de Disciplin\u0103 a luat \u0219i decizia de a suspenda juc\u0103torul Buchanelli Holz Conrado de la O\u021belul Gala\u021bi. Brazilianul a fost eliminat \u00een minutul 26 al meciului c\u00e2\u0219tigat de CFR Cluj, cu 1-0, duminic\u0103. Conrado va lipsi de pe teren pentru un meci \u0219i a fost amendat cu 740 de lei ca urmare a acelei elimin\u0103ri.<\/p>\n","protected":false},"excerpt":{"rendered":"<p>\u00cen urma incidentelor petrecute \u00een timpul meciului c\u00e2\u0219tigat de FCSB \u00een fa\u021ba celor de la Rapid 1923, cu un scor de 2-1, clubul Rapid a fost sanc\u021bionat cu o penalitate sportiv\u0103 \u00een valoare de 37.968 de lei. Aceast\u0103 sanc\u021biune a fost considerat\u0103 cea mai sever\u0103, venind dup\u0103 o amend\u0103 prealabil\u0103 de 7.500 de lei, care [&hellip;]<\/p>\n","protected":false},"author":6,"featured_media":468,"comment_status":"open","ping_status":"open","sticky":false,"template":"","format":"standard","meta":{"jnews-multi-image_gallery":[],"jnews_single_post":[],"jnews_primary_category":[],"jnews_override_counter":[],"footnotes":""},"categories":[46],"tags":[727,83,88,57,85,84,86,87],"class_list":["post-467","post","type-post","status-publish","format-standard","has-post-thumbnail","hentry","category-sport","tag-campionat","tag-fcsb","tag-incidente","tag-meci","tag-penalitate-sportiva","tag-rapid-1923","tag-sanctiuni","tag-suporteri"],"_links":{"self":[{"href":"https:\/\/www.newsrecorder.ro\/app\/wp-json\/wp\/v2\/posts\/467","targetHints":{"allow":["GET"]}}],"collection":[{"href":"https:\/\/www.newsrecorder.ro\/app\/wp-json\/wp\/v2\/posts"}],"about":[{"href":"https:\/\/www.newsrecorder.ro\/app\/wp-json\/wp\/v2\/types\/post"}],"author":[{"embeddable":true,"href":"https:\/\/www.newsrecorder.ro\/app\/wp-json\/wp\/v2\/users\/6"}],"replies":[{"embeddable":true,"href":"https:\/\/www.newsrecorder.ro\/app\/wp-json\/wp\/v2\/comments?post=467"}],"version-history":[{"count":0,"href":"https:\/\/www.newsrecorder.ro\/app\/wp-json\/wp\/v2\/posts\/467\/revisions"}],"wp:featuredmedia":[{"embeddable":true,"href":"https:\/\/www.newsrecorder.ro\/app\/wp-json\/wp\/v2\/media\/468"}],"wp:attachment":[{"href":"https:\/\/www.newsrecorder.ro\/app\/wp-json\/wp\/v2\/media?parent=467"}],"wp:term":[{"taxonomy":"category","embeddable":true,"href":"https:\/\/www.newsrecorder.ro\/app\/wp-json\/wp\/v2\/categories?post=467"},{"taxonomy":"post_tag","embeddable":true,"href":"https:\/\/www.newsrecorder.ro\/app\/wp-json\/wp\/v2\/tags?post=467"}],"curies":[{"name":"wp","href":"https:\/\/api.w.org\/{rel}","templated":true}]}}