{"id":4672,"date":"2026-02-23T07:12:40","date_gmt":"2026-02-23T07:12:40","guid":{"rendered":"https:\/\/www.newsrecorder.ro\/app\/2026\/02\/23\/protestatarii-pro-democratie-din-hong-kong-inchisi-pentru-opinii\/"},"modified":"2026-02-23T07:12:40","modified_gmt":"2026-02-23T07:12:40","slug":"protestatarii-pro-democratie-din-hong-kong-inchisi-pentru-opinii","status":"publish","type":"post","link":"https:\/\/www.newsrecorder.ro\/app\/2026\/02\/23\/protestatarii-pro-democratie-din-hong-kong-inchisi-pentru-opinii\/","title":{"rendered":"Protestatarii pro-democra\u021bie din Hong Kong, \u00eenchi\u0219i pentru opinii!"},"content":{"rendered":"<p>Sus\u021bin\u0103torii mi\u0219c\u0103rii pro-democra\u021bie din Hong Kong, care au contestat recent sentin\u021bele, fac parte din grupul celor 47 de activi\u0219ti acuza\u021bi \u00een 2021 de conspira\u021bie la subversiune. Ace\u0219tia au fost implica\u021bi \u00een organizarea unei alegeri primare neoficiale, conform unei informa\u021bii furnizate de <a href=\"https:\/\/apnews.com\/article\/hong-kong-appeal-activists-national-security-47-21d145cb7758cff9bc4a7c7e89b02faf\" target=\"_blank\" rel=\"noopener\">AP<\/a>.<\/p>\n<p>Ac\u021biunile de urm\u0103rire penal\u0103 \u00een mas\u0103, ce au vizat unii dintre cei mai renumi\u021bi activi\u0219ti din ora\u0219, au avut un impact devastator asupra mi\u0219c\u0103rii pro-democra\u021bie, care a cunoscut un v\u00e2rf de intensitate \u00een timpul protestelor de amploare din 2019.<\/p>\n<p>\u00cen anul 2024, 45 dintre inculpa\u021bi au primit pedepse cuprinse \u00eentre patru \u0219i zece ani, sentin\u021bele fiind vehement criticate at\u00e2t de c\u0103tre guvernele interna\u021bionale, c\u00e2t \u0219i de organiza\u021bii pentru drepturile omului.<\/p>\n<p>Unsprezece activi\u0219ti care erau membri ai parlamentului \u0219i au contestat <a href=\"https:\/\/www.mediafax.ro\/stirile-zilei\/hong-kong-a-inceput-procesul-impotriva-organizatorilor-comemorarilor-masacrului-din-piata-tiananmen-23674756\" target=\"_blank\" rel=\"noopener\">condamn\u0103rile<\/a> s-au v\u0103zut priva\u021bi de mandatele lor legislative. Toate apelurile formulate de zece dintre ei, \u00eempreun\u0103 cu un alt activist, au fost respinse de Curtea de Apel.<\/p>\n<p>\u00cen contextul protestelor din 2019, tab\u0103ra pro-democra\u021bie a \u00eencercat s\u0103 \u00ee\u0219i consolideze pozi\u021bia \u00een alegerile legislative din 2020. Alegerile primare neoficiale aveau rolul de a selecta candida\u021bii pro-democra\u021bie pentru competi\u021bia oficial\u0103.<\/p>\n<p>Condamn\u0103rile au avut un efect de \u00een\u0103bu\u0219ire asupra disiden\u021bei din Hong Kong. \u00cen cadrul procesului, procurorii au sus\u021binut c\u0103 scopul activi\u0219tilor era de a paraliza func\u021bionarea guvernului din Hong Kong \u0219i de a for\u021ba demisia liderului ora\u0219ului. Ace\u0219tia sperau s\u0103 ob\u021bin\u0103 o majoritate legislativ\u0103 \u0219i s\u0103 utilizeze aceast\u0103 putere pentru a bloca bugetele guvernamentale.<\/p>\n<p>Judec\u0103torii de la curtea de apel au stabilit c\u0103 planul formulat de activi\u0219ti era ilegal conform legisla\u021biei privind securitatea na\u021bional\u0103. Ace\u0219tia au men\u021bionat c\u0103 strategia a fost conceput\u0103 de juristul Benny Tai, considerat de instan\u021ba inferioar\u0103 drept \u201ecreierul\u201d planului, caracteriz\u00e2nd-o ca o \u201earm\u0103 constitu\u021bional\u0103 de distrugere \u00een mas\u0103\u201d destinat s\u0103 r\u0103stoarne ordinea constitu\u021bional\u0103 a ora\u0219ului.<\/p>\n<p>Criticii au subliniat c\u0103 aceste condamn\u0103ri demonstreaz\u0103 modul \u00een care autorit\u0103\u021bile au reprimat disiden\u021ba \u00een urma protestelor din 2019. At\u00e2t Beijingul, c\u00e2t \u0219i guvernul din Hong Kong afirm\u0103 c\u0103 legea securit\u0103\u021bii na\u021bionale este esen\u021bial\u0103 pentru men\u021binerea stabilit\u0103\u021bii ora\u0219ului.<\/p>\n","protected":false},"excerpt":{"rendered":"<p>Sus\u021bin\u0103torii mi\u0219c\u0103rii pro-democra\u021bie din Hong Kong, care au contestat recent sentin\u021bele, fac parte din grupul celor 47 de activi\u0219ti acuza\u021bi \u00een 2021 de conspira\u021bie la subversiune. Ace\u0219tia au fost implica\u021bi \u00een organizarea unei alegeri primare neoficiale, conform unei informa\u021bii furnizate de AP. Ac\u021biunile de urm\u0103rire penal\u0103 \u00een mas\u0103, ce au vizat unii dintre cei mai [&hellip;]<\/p>\n","protected":false},"author":2,"featured_media":4673,"comment_status":"open","ping_status":"open","sticky":false,"template":"","format":"standard","meta":{"jnews-multi-image_gallery":[],"jnews_single_post":[],"jnews_primary_category":[],"jnews_override_counter":[],"footnotes":""},"categories":[41],"tags":[5009,7210,5008,7209,7208,1035,7211,5636],"class_list":["post-4672","post","type-post","status-publish","format-standard","has-post-thumbnail","hentry","category-externe","tag-activisti","tag-alegeri-primare","tag-drepturile-omului","tag-hong-kong","tag-pro-democratie","tag-proteste","tag-sentinte","tag-urmarire-penala"],"_links":{"self":[{"href":"https:\/\/www.newsrecorder.ro\/app\/wp-json\/wp\/v2\/posts\/4672","targetHints":{"allow":["GET"]}}],"collection":[{"href":"https:\/\/www.newsrecorder.ro\/app\/wp-json\/wp\/v2\/posts"}],"about":[{"href":"https:\/\/www.newsrecorder.ro\/app\/wp-json\/wp\/v2\/types\/post"}],"author":[{"embeddable":true,"href":"https:\/\/www.newsrecorder.ro\/app\/wp-json\/wp\/v2\/users\/2"}],"replies":[{"embeddable":true,"href":"https:\/\/www.newsrecorder.ro\/app\/wp-json\/wp\/v2\/comments?post=4672"}],"version-history":[{"count":0,"href":"https:\/\/www.newsrecorder.ro\/app\/wp-json\/wp\/v2\/posts\/4672\/revisions"}],"wp:featuredmedia":[{"embeddable":true,"href":"https:\/\/www.newsrecorder.ro\/app\/wp-json\/wp\/v2\/media\/4673"}],"wp:attachment":[{"href":"https:\/\/www.newsrecorder.ro\/app\/wp-json\/wp\/v2\/media?parent=4672"}],"wp:term":[{"taxonomy":"category","embeddable":true,"href":"https:\/\/www.newsrecorder.ro\/app\/wp-json\/wp\/v2\/categories?post=4672"},{"taxonomy":"post_tag","embeddable":true,"href":"https:\/\/www.newsrecorder.ro\/app\/wp-json\/wp\/v2\/tags?post=4672"}],"curies":[{"name":"wp","href":"https:\/\/api.w.org\/{rel}","templated":true}]}}