{"id":4686,"date":"2026-02-23T09:01:03","date_gmt":"2026-02-23T09:01:03","guid":{"rendered":"https:\/\/www.newsrecorder.ro\/app\/2026\/02\/23\/zelenski-recuperarea-teritoriilor-ocupate-va-veni-dar-nu-acum\/"},"modified":"2026-02-23T09:01:03","modified_gmt":"2026-02-23T09:01:03","slug":"zelenski-recuperarea-teritoriilor-ocupate-va-veni-dar-nu-acum","status":"publish","type":"post","link":"https:\/\/www.newsrecorder.ro\/app\/2026\/02\/23\/zelenski-recuperarea-teritoriilor-ocupate-va-veni-dar-nu-acum\/","title":{"rendered":"Zelenski: Recuperarea teritoriilor ocupate va veni, dar nu acum"},"content":{"rendered":"<p>Pre\u0219edintele Ucrainei, Volodimir Zelenski, a subliniat \u00eentr-un interviu oferit postului de \u0219tiri <a href=\"https:\/\/www.bbc.com\/news\/articles\/cvgj9p15y87o\">BBC<\/a> c\u0103 stoparea agresiunii ruse\u0219ti ar reprezenta o victorie nu doar pentru Ucraina, ci \u0219i pentru \u00eentreaga comunitate interna\u021bional\u0103.<\/p>\n<p>\u201eConsider c\u0103 oprirea lui Putin \u00een acest moment \u0219i prevenirea ocup\u0103rii Ucrainei este o victorie pentru \u00eentreaga lume. Pentru c\u0103 Putin nu se va opri la Ucraina\u201d, a declarat Zelenski, eviden\u021biind gravitatea situa\u021biei. <\/p>\n<p>\u00cen cadrul discu\u021biei, pre\u0219edintele ucrainean a recunoscut c\u0103 eliberarea teritoriilor ocupate de Rusia este, \u00een prezent, o misiune imposibil\u0103, principalul obstacol fiind costul uman ridicat pe care l-ar implica. <\/p>\n<p>\u201eDe asemenea, nu dispunem de suficiente arme. Aceasta nu depinde doar de noi, ci \u0219i de partenerii no\u0219tri. A\u0219adar, deocamdat\u0103, acest lucru nu este realizabil. \u00cens\u0103 revenirea la grani\u021bele corecte din 1991 [anul \u00een care Ucraina \u0219i-a declarat independen\u021ba, marc\u00e2nd pr\u0103bu\u0219irea Uniunii Sovietice] nu este doar o victorie, ci \u0219i o form\u0103 de justi\u021bie. Victoria Ucrainei const\u0103 \u00een p\u0103strarea independen\u021bei noastre, iar o victorie a drept\u0103\u021bii pentru \u00eentreaga lume ar \u00eensemna restituirea tuturor p\u0103m\u00e2nturilor noastre\u201d, a ad\u0103ugat Zelenski.<\/p>\n<p>El a subliniat c\u0103 Ucraina \u00ee\u0219i ap\u0103r\u0103 independen\u021ba \u00een contextul conflictului \u00een curs \u0219i c\u0103 obiectivul de a reveni la frontierele recunoscute interna\u021bional r\u0103m\u00e2ne o prioritate pe termen lung.<\/p>\n<p>Conform informa\u021biilor furnizate de <a href=\"https:\/\/www.ukrinform.net\/rubric-ato\/4094340-zelensky-on-return-of-territories-seized-by-russia-it-is-impossible-now-but-it-is-matter-of-time.html\">Ukrinform<\/a>, Volodimir Zelenski a men\u021bionat c\u0103 For\u021bele de Ap\u0103rare Ucrainene au reu\u0219it s\u0103 recupereze aproximativ 300 de kilometri p\u0103tra\u021bi \u00een sudul \u021b\u0103rii prin diverse opera\u021biuni de contraatac.<\/p>\n","protected":false},"excerpt":{"rendered":"<p>Pre\u0219edintele Ucrainei, Volodimir Zelenski, a subliniat \u00eentr-un interviu oferit postului de \u0219tiri BBC c\u0103 stoparea agresiunii ruse\u0219ti ar reprezenta o victorie nu doar pentru Ucraina, ci \u0219i pentru \u00eentreaga comunitate interna\u021bional\u0103. \u201eConsider c\u0103 oprirea lui Putin \u00een acest moment \u0219i prevenirea ocup\u0103rii Ucrainei este o victorie pentru \u00eentreaga lume. Pentru c\u0103 Putin nu se va [&hellip;]<\/p>\n","protected":false},"author":2,"featured_media":4687,"comment_status":"open","ping_status":"open","sticky":false,"template":"","format":"standard","meta":{"jnews-multi-image_gallery":[],"jnews_single_post":[],"jnews_primary_category":[],"jnews_override_counter":[],"footnotes":""},"categories":[39],"tags":[1348,3788,7235,1887,681,7236,682,1030],"class_list":["post-4686","post","type-post","status-publish","format-standard","has-post-thumbnail","hentry","category-stirile-zilei","tag-agresiune","tag-arme","tag-comunitate-internationala","tag-putin","tag-rusia","tag-teritorii-ocupate","tag-ucraina","tag-zelenski"],"_links":{"self":[{"href":"https:\/\/www.newsrecorder.ro\/app\/wp-json\/wp\/v2\/posts\/4686","targetHints":{"allow":["GET"]}}],"collection":[{"href":"https:\/\/www.newsrecorder.ro\/app\/wp-json\/wp\/v2\/posts"}],"about":[{"href":"https:\/\/www.newsrecorder.ro\/app\/wp-json\/wp\/v2\/types\/post"}],"author":[{"embeddable":true,"href":"https:\/\/www.newsrecorder.ro\/app\/wp-json\/wp\/v2\/users\/2"}],"replies":[{"embeddable":true,"href":"https:\/\/www.newsrecorder.ro\/app\/wp-json\/wp\/v2\/comments?post=4686"}],"version-history":[{"count":0,"href":"https:\/\/www.newsrecorder.ro\/app\/wp-json\/wp\/v2\/posts\/4686\/revisions"}],"wp:featuredmedia":[{"embeddable":true,"href":"https:\/\/www.newsrecorder.ro\/app\/wp-json\/wp\/v2\/media\/4687"}],"wp:attachment":[{"href":"https:\/\/www.newsrecorder.ro\/app\/wp-json\/wp\/v2\/media?parent=4686"}],"wp:term":[{"taxonomy":"category","embeddable":true,"href":"https:\/\/www.newsrecorder.ro\/app\/wp-json\/wp\/v2\/categories?post=4686"},{"taxonomy":"post_tag","embeddable":true,"href":"https:\/\/www.newsrecorder.ro\/app\/wp-json\/wp\/v2\/tags?post=4686"}],"curies":[{"name":"wp","href":"https:\/\/api.w.org\/{rel}","templated":true}]}}