{"id":4690,"date":"2026-02-23T09:01:39","date_gmt":"2026-02-23T09:01:39","guid":{"rendered":"https:\/\/www.newsrecorder.ro\/app\/2026\/02\/23\/vizita-premierului-indiei-in-israel-netanyahu-promite-noi-aliante\/"},"modified":"2026-02-23T09:01:39","modified_gmt":"2026-02-23T09:01:39","slug":"vizita-premierului-indiei-in-israel-netanyahu-promite-noi-aliante","status":"publish","type":"post","link":"https:\/\/www.newsrecorder.ro\/app\/2026\/02\/23\/vizita-premierului-indiei-in-israel-netanyahu-promite-noi-aliante\/","title":{"rendered":"Vizita premierului Indiei \u00een Israel: Netanyahu promite \u201enoi alian\u021be\u201d!"},"content":{"rendered":"<p>Prim-ministrul indian, Narendra Modi, a subliniat importan\u021ba \u00eent\u0103ririi leg\u0103turilor bilaterale \u00eentre India \u0219i Israel, eviden\u021biind o viziune comun\u0103 pentru un parteneriat bazat pe cooperarea economic\u0103, diplomatic\u0103 \u0219i de securitate. Aceasta a fost informa\u021bia central\u0103 prezentat\u0103 de Benjamin Netanyahu, premierul israelian, \u00een deschiderea unei \u0219edin\u021be de cabinet, conform <a href=\"https:\/\/www.lefigaro.fr\/international\/narendra-modi-attendu-en-israel-mercredi-benyamin-netanyahou-affirme-vouloir-batir-de-nouvelles-alliances-20260223\" target=\"_blank\" rel=\"noopener\">Le Figaro<\/a>.<\/p>\n<p>Netanyahu a anun\u021bat cu entuziasm c\u0103 domnul Modi va sus\u021bine un discurs \u00een cadrul Knessetului, Parlamentul israelian, \u0219i a \u00eencurajat to\u021bi membrii s\u0103 fie prezen\u021bi. El a subliniat importan\u021ba \u201econsolid\u0103rii\u201d rela\u021biilor dintre cele dou\u0103 na\u021biuni \u0219i a \u00eemp\u0103rt\u0103\u0219it viziunea sa pentru un parteneriat bazat pe cooperare.<\/p>\n<p>\u00cen acest context, Narendra Modi a declarat c\u0103 \u201ea\u0219teapt\u0103 cu ner\u0103bdare\u201d \u00eent\u00e2lnirile programate \u00een timpul vizitei sale \u00een Israel, eviden\u021biind valoarea prieteniei durabile dintre cele dou\u0103 \u021b\u0103ri, o rela\u021bie bazat\u0103 pe \u00eencredere, inova\u021bie \u0219i un angajament comun pentru pace \u0219i progres, a\u0219a cum a afirmat pe re\u021beaua social\u0103 X.<\/p>\n<p>Netanyahu a exprimat dorin\u021ba de a transforma \u201erela\u021bia special\u0103 construit\u0103 \u00een ultimii ani\u201d \u00eentr-o parte esen\u021bial\u0103 a \u201enoilor alian\u021be\u201d menite s\u0103 contracareze inamicii comuni, pe care i-a numit \u201eradicali\u201d. El a propus crearea unui sistem extins, pe care l-a descris ca fiind un \u201ehexagon\u201d de alian\u021be \u00een jurul Orientului Mijlociu, care include India, na\u021biunile arabe, \u021b\u0103rile africane, precum \u0219i na\u021biunile mediteraneene, cum ar fi Grecia \u0219i Cipru, \u0219i alte \u021b\u0103ri asiatice, despre care a ales s\u0103 nu ofere detalii suplimentare \u00een acest moment.<\/p>\n<p>\u201eScopul este de a forma o ax\u0103 de na\u021biuni care \u00eemp\u0103rt\u0103\u0219esc o viziune comun\u0103 asupra realit\u0103\u021bii, provoc\u0103rilor \u0219i obiectivelor, \u00een fa\u021ba axelor radicale, at\u00e2t a celei \u0219iite, pe care am lovit-o foarte serios, c\u00e2t \u0219i a celei sunnite radicale emergente\u201d, a explicat Netanyahu. El a concluzionat c\u0103, de\u0219i aceste \u021b\u0103ri au perspective diferite, cooperarea dintre ele poate genera rezultate extraordinare.<\/p>\n<p>\u00cen contextul geopolitic actual, Israelul se confrunt\u0103 cu provoc\u0103ri militare semnificative, mai ales de la \u00eenceputul conflictului din F\u00e2\u0219ia Gaza, care a fost declan\u0219at de atacul mi\u0219c\u0103rii Hamas pe 7 octombrie 2023. Aceast\u0103 situa\u021bie a dus la confrunt\u0103ri cu grup\u0103rile \u0219iite aliate cu Iranul, precum Hezbollah \u0219i rebelii Houthi. \u00cen iunie 2025, Israelul a efectuat un atac asupra instala\u021biilor nucleare \u0219i militare iraniene, ceea ce a dus la un r\u0103zboi de 12 zile \u00eentre cele dou\u0103 na\u021biuni, implic\u00e2nd \u0219i Statele Unite.<\/p>\n<p>\u201eAvem o alian\u021b\u0103 unic\u0103 \u0219i, \u00een opinia mea, istoric\u0103 cu Statele Unite. Aceast\u0103 alian\u021b\u0103 nu exclude crearea altor alian\u021be; dimpotriv\u0103, le cultiv\u0103m constant\u201d, a ad\u0103ugat Netanyahu. Este de men\u021bionat c\u0103 Narendra Modi a vizitat Israelul o singur\u0103 dat\u0103 \u00een calitate de prim-ministru, \u00een 2017, iar Benjamin Netanyahu a avut ocazia s\u0103 viziteze India \u00een anul urm\u0103tor.<\/p>\n","protected":false},"excerpt":{"rendered":"<p>Prim-ministrul indian, Narendra Modi, a subliniat importan\u021ba \u00eent\u0103ririi leg\u0103turilor bilaterale \u00eentre India \u0219i Israel, eviden\u021biind o viziune comun\u0103 pentru un parteneriat bazat pe cooperarea economic\u0103, diplomatic\u0103 \u0219i de securitate. Aceasta a fost informa\u021bia central\u0103 prezentat\u0103 de Benjamin Netanyahu, premierul israelian, \u00een deschiderea unei \u0219edin\u021be de cabinet, conform Le Figaro. Netanyahu a anun\u021bat cu entuziasm c\u0103 [&hellip;]<\/p>\n","protected":false},"author":2,"featured_media":4691,"comment_status":"open","ping_status":"open","sticky":false,"template":"","format":"standard","meta":{"jnews-multi-image_gallery":[],"jnews_single_post":[],"jnews_primary_category":[],"jnews_override_counter":[],"footnotes":""},"categories":[39],"tags":[659,1747,2454,268,7243,5320,2898,1324],"class_list":["post-4690","post","type-post","status-publish","format-standard","has-post-thumbnail","hentry","category-stirile-zilei","tag-cooperare","tag-diplomatie","tag-india","tag-israel","tag-modi","tag-netanyahu","tag-parteneriat","tag-relatii-bilaterale"],"_links":{"self":[{"href":"https:\/\/www.newsrecorder.ro\/app\/wp-json\/wp\/v2\/posts\/4690","targetHints":{"allow":["GET"]}}],"collection":[{"href":"https:\/\/www.newsrecorder.ro\/app\/wp-json\/wp\/v2\/posts"}],"about":[{"href":"https:\/\/www.newsrecorder.ro\/app\/wp-json\/wp\/v2\/types\/post"}],"author":[{"embeddable":true,"href":"https:\/\/www.newsrecorder.ro\/app\/wp-json\/wp\/v2\/users\/2"}],"replies":[{"embeddable":true,"href":"https:\/\/www.newsrecorder.ro\/app\/wp-json\/wp\/v2\/comments?post=4690"}],"version-history":[{"count":0,"href":"https:\/\/www.newsrecorder.ro\/app\/wp-json\/wp\/v2\/posts\/4690\/revisions"}],"wp:featuredmedia":[{"embeddable":true,"href":"https:\/\/www.newsrecorder.ro\/app\/wp-json\/wp\/v2\/media\/4691"}],"wp:attachment":[{"href":"https:\/\/www.newsrecorder.ro\/app\/wp-json\/wp\/v2\/media?parent=4690"}],"wp:term":[{"taxonomy":"category","embeddable":true,"href":"https:\/\/www.newsrecorder.ro\/app\/wp-json\/wp\/v2\/categories?post=4690"},{"taxonomy":"post_tag","embeddable":true,"href":"https:\/\/www.newsrecorder.ro\/app\/wp-json\/wp\/v2\/tags?post=4690"}],"curies":[{"name":"wp","href":"https:\/\/api.w.org\/{rel}","templated":true}]}}