{"id":4692,"date":"2026-02-23T09:01:52","date_gmt":"2026-02-23T09:01:52","guid":{"rendered":"https:\/\/www.newsrecorder.ro\/app\/2026\/02\/23\/bucuresti-precipitatii-in-weekend-ce-ne-rezerva-vremea\/"},"modified":"2026-02-23T09:01:52","modified_gmt":"2026-02-23T09:01:52","slug":"bucuresti-precipitatii-in-weekend-ce-ne-rezerva-vremea","status":"publish","type":"post","link":"https:\/\/www.newsrecorder.ro\/app\/2026\/02\/23\/bucuresti-precipitatii-in-weekend-ce-ne-rezerva-vremea\/","title":{"rendered":"Bucure\u0219ti: Precipita\u021bii \u00een weekend! Ce ne rezerv\u0103 vremea?"},"content":{"rendered":"<p>Conform Agen\u021biei Na\u021bionale de Meteorologie (ANM), p\u00e2n\u0103 mar\u021bi la ora 8:00, vremea se va men\u021bine apropiat\u0103 de normal din punct de vedere termic. Cerul va fi variabil \u00een primele ore ale zilei, dar se va \u00eennora treptat, iar dup\u0103-amiaz\u0103 \u0219i sear\u0103 exist\u0103 posibilitatea unor ploi slabe. V\u00e2ntul va avea intensitate slab\u0103 p\u00e2n\u0103 la moderat\u0103. Temperatura maxim\u0103 va atinge 3-5 grade Celsius, \u00een timp ce minima va fi \u00een jurul valorii de -1 grad. Spre finalul zilei, se va forma cea\u021b\u0103.<\/p>\n<p>\u00cen intervalul mar\u021bi, ora 8:00 p\u00e2n\u0103 miercuri, ora 8:00, cerul va fi predominant noros, cu \u0219anse de precipita\u021bii slabe, \u00een special pe parcursul zilei. V\u00e2ntul va continua s\u0103 sufle slab \u0219i moderat. Valorile termice se vor men\u021bine \u00een apropierea mediei multianuale pentru aceast\u0103 perioad\u0103, cu o temperatur\u0103 maxim\u0103 estimat\u0103 \u00eentre 6-7 grade Celsius \u0219i o minim\u0103 de -1 p\u00e2n\u0103 la 0 grade, conform celor transmise de ANM.<\/p>\n<p>Miercuri, p\u00e2n\u0103 la ora 22:00, valorile termice vor r\u0103m\u00e2ne \u00een continuare \u00een jurul mediei multianuale specifice ultimei decade a lunii februarie. Cerul va fi temporar noros, iar seara \u0219i noaptea se vor mai \u00eenregistra condi\u021bii pentru precipita\u021bii slabe mixte. V\u00e2ntul va sufl\u0103 slab \u0219i moderat. Temperatura maxim\u0103 va fi \u00een intervalul 7-8 grade Celsius, a ad\u0103ugat ANM.<\/p>\n","protected":false},"excerpt":{"rendered":"<p>Conform Agen\u021biei Na\u021bionale de Meteorologie (ANM), p\u00e2n\u0103 mar\u021bi la ora 8:00, vremea se va men\u021bine apropiat\u0103 de normal din punct de vedere termic. Cerul va fi variabil \u00een primele ore ale zilei, dar se va \u00eennora treptat, iar dup\u0103-amiaz\u0103 \u0219i sear\u0103 exist\u0103 posibilitatea unor ploi slabe. V\u00e2ntul va avea intensitate slab\u0103 p\u00e2n\u0103 la moderat\u0103. Temperatura [&hellip;]<\/p>\n","protected":false},"author":2,"featured_media":4693,"comment_status":"open","ping_status":"open","sticky":false,"template":"","format":"standard","meta":{"jnews-multi-image_gallery":[],"jnews_single_post":[],"jnews_primary_category":[],"jnews_override_counter":[],"footnotes":""},"categories":[39],"tags":[150,131,133,135,132,126,137,125],"class_list":["post-4692","post","type-post","status-publish","format-standard","has-post-thumbnail","hentry","category-stirile-zilei","tag-anm","tag-ceata","tag-meteorologie","tag-precipitatii","tag-prognoza","tag-temperaturi","tag-vant","tag-vreme"],"_links":{"self":[{"href":"https:\/\/www.newsrecorder.ro\/app\/wp-json\/wp\/v2\/posts\/4692","targetHints":{"allow":["GET"]}}],"collection":[{"href":"https:\/\/www.newsrecorder.ro\/app\/wp-json\/wp\/v2\/posts"}],"about":[{"href":"https:\/\/www.newsrecorder.ro\/app\/wp-json\/wp\/v2\/types\/post"}],"author":[{"embeddable":true,"href":"https:\/\/www.newsrecorder.ro\/app\/wp-json\/wp\/v2\/users\/2"}],"replies":[{"embeddable":true,"href":"https:\/\/www.newsrecorder.ro\/app\/wp-json\/wp\/v2\/comments?post=4692"}],"version-history":[{"count":0,"href":"https:\/\/www.newsrecorder.ro\/app\/wp-json\/wp\/v2\/posts\/4692\/revisions"}],"wp:featuredmedia":[{"embeddable":true,"href":"https:\/\/www.newsrecorder.ro\/app\/wp-json\/wp\/v2\/media\/4693"}],"wp:attachment":[{"href":"https:\/\/www.newsrecorder.ro\/app\/wp-json\/wp\/v2\/media?parent=4692"}],"wp:term":[{"taxonomy":"category","embeddable":true,"href":"https:\/\/www.newsrecorder.ro\/app\/wp-json\/wp\/v2\/categories?post=4692"},{"taxonomy":"post_tag","embeddable":true,"href":"https:\/\/www.newsrecorder.ro\/app\/wp-json\/wp\/v2\/tags?post=4692"}],"curies":[{"name":"wp","href":"https:\/\/api.w.org\/{rel}","templated":true}]}}