{"id":4694,"date":"2026-02-23T09:12:20","date_gmt":"2026-02-23T09:12:20","guid":{"rendered":"https:\/\/www.newsrecorder.ro\/app\/2026\/02\/23\/400-000-de-pelerini-se-reunesc-la-assisi-pentru-sfantul-francisc\/"},"modified":"2026-02-23T09:12:20","modified_gmt":"2026-02-23T09:12:20","slug":"400-000-de-pelerini-se-reunesc-la-assisi-pentru-sfantul-francisc","status":"publish","type":"post","link":"https:\/\/www.newsrecorder.ro\/app\/2026\/02\/23\/400-000-de-pelerini-se-reunesc-la-assisi-pentru-sfantul-francisc\/","title":{"rendered":"400.000 de pelerini se reunesc la Assisi pentru Sf\u00e2ntul Francisc!"},"content":{"rendered":"<p>Comemorarea a 800 de ani de la moartea Sf\u00e2ntului Francisc de Assisi se desf\u0103\u0219oar\u0103 \u00eentr-un mod cu totul special: credincio\u0219ii au, pentru prima dat\u0103, ocazia de a contempla \u0219i a venera fragmente din r\u0103m\u0103\u0219i\u021bele sale, conform celor relatate de <a href=\"https:\/\/www.euronews.com\/culture\/2026\/02\/23\/sacred-bones-thousands-of-pilgrims-flock-to-see-historic-remains-of-st-francis-of-assisi\" target=\"_blank\" rel=\"noopener\">Euronews<\/a>.<\/p>\n<p>Aceste relicve valoroase sunt expuse \u00eentr-o vitrin\u0103 securizat\u0103 din plexiglas antiglon\u021b, amplasat\u0103 la nivelul inferior al Bazilicii Sf\u00e2ntul Francisc din Assisi. Se estimeaz\u0103 c\u0103, \u00een luna urm\u0103toare, sute de mii de pelerini vor vizita acest loc sacru din Umbria.<\/p>\n<p>Mesajele de pace \u0219i fraternitate, fundamentale pentru \u00eenv\u0103\u021b\u0103turile sf\u00e2ntului, sunt esen\u021biale \u00een cadrul acestei manifest\u0103ri. Potrivit Ordinului Franciscan, evenimentul are ca scop revitalizarea principiilor de pace, simplitate \u0219i solidaritate, valori promovate constant de Francisc, cunoscut adesea sub numele de \u201eS\u0103r\u0103cu\u021bul din Assisi\u201d.<\/p>\n<p>Influen\u021ba sa a l\u0103sat o amprent\u0103 profund\u0103 asupra cre\u0219tinismului vestic, iar alegerea numelui de c\u0103tre Papa Francisc este un gest simbolic f\u0103r\u0103 precedent \u00een istoria Bisericii Catolice. Liderii ecleziastici consider\u0103 c\u0103, \u00eentr-o epoc\u0103 marcat\u0103 de agita\u021bie social\u0103 \u0219i conflicte, modelul lui Francisc ofer\u0103 un standard de speran\u021b\u0103 \u0219i responsabilitate personal\u0103.<\/p>\n<p>Sf\u00e2ntul Francisc s-a n\u0103scut \u00een 1182 \u00eentr-o familie \u00eenst\u0103rit\u0103, dar a ales s\u0103 renun\u021be la bunurile materiale pentru a tr\u0103i o via\u021b\u0103 de modestie, fond\u00e2nd astfel ordinul franciscan. Spre sf\u00e2r\u0219itul vie\u021bii, se spune c\u0103 a manifestat stigmatele, primele urme documentate ale r\u0103nilor lui Hristos, un eveniment semnificativ \u00een istoria cre\u0219tinismului.<\/p>\n<p>Dup\u0103 moarte, r\u0103m\u0103\u0219i\u021bele sale au fost p\u0103strate \u00een secret timp de secole, ca m\u0103sur\u0103 de precau\u021bie \u00eempotriva furtului de relicve, o practic\u0103 obi\u0219nuit\u0103 \u00een perioada medieval\u0103. O expozi\u021bie ce ilustreaz\u0103 aceast\u0103 istorie fascinant\u0103 este disponibil\u0103 \u00een cadrul conventului franciscan, situat l\u00e2ng\u0103 bazilic\u0103.<\/p>\n<p>Comemor\u0103rile nu se opresc aici. Unul dintre cele mai importante evenimente programate este vizita Suveranului Pontif la Assisi, planificat\u0103 pentru 6 august, \u00een contextul reuniunii interna\u021bionale \u201eGO! Franciscan Youth\u201d.<\/p>\n<p>Organizatorii subliniaz\u0103 c\u0103 scopul acestor ac\u021biuni este de a eviden\u021bia relevan\u021ba \u0219i impactul filozofiei franciscane la opt secole de la trecerea \u00een eternitate a unuia dintre cei mai venera\u021bi sfin\u021bi ai cre\u0219tinismului.<\/p>\n","protected":false},"excerpt":{"rendered":"<p>Comemorarea a 800 de ani de la moartea Sf\u00e2ntului Francisc de Assisi se desf\u0103\u0219oar\u0103 \u00eentr-un mod cu totul special: credincio\u0219ii au, pentru prima dat\u0103, ocazia de a contempla \u0219i a venera fragmente din r\u0103m\u0103\u0219i\u021bele sale, conform celor relatate de Euronews. Aceste relicve valoroase sunt expuse \u00eentr-o vitrin\u0103 securizat\u0103 din plexiglas antiglon\u021b, amplasat\u0103 la nivelul inferior [&hellip;]<\/p>\n","protected":false},"author":2,"featured_media":4695,"comment_status":"open","ping_status":"open","sticky":false,"template":"","format":"standard","meta":{"jnews-multi-image_gallery":[],"jnews_single_post":[],"jnews_primary_category":[],"jnews_override_counter":[],"footnotes":""},"categories":[39],"tags":[7247,7245,7249,807,7248,7246,7244,4332],"class_list":["post-4694","post","type-post","status-publish","format-standard","has-post-thumbnail","hentry","category-stirile-zilei","tag-bazilica","tag-comemorare","tag-ordine-franciscan","tag-pace","tag-pelerinaj","tag-relicve","tag-sfantul-francisc","tag-valori"],"_links":{"self":[{"href":"https:\/\/www.newsrecorder.ro\/app\/wp-json\/wp\/v2\/posts\/4694","targetHints":{"allow":["GET"]}}],"collection":[{"href":"https:\/\/www.newsrecorder.ro\/app\/wp-json\/wp\/v2\/posts"}],"about":[{"href":"https:\/\/www.newsrecorder.ro\/app\/wp-json\/wp\/v2\/types\/post"}],"author":[{"embeddable":true,"href":"https:\/\/www.newsrecorder.ro\/app\/wp-json\/wp\/v2\/users\/2"}],"replies":[{"embeddable":true,"href":"https:\/\/www.newsrecorder.ro\/app\/wp-json\/wp\/v2\/comments?post=4694"}],"version-history":[{"count":0,"href":"https:\/\/www.newsrecorder.ro\/app\/wp-json\/wp\/v2\/posts\/4694\/revisions"}],"wp:featuredmedia":[{"embeddable":true,"href":"https:\/\/www.newsrecorder.ro\/app\/wp-json\/wp\/v2\/media\/4695"}],"wp:attachment":[{"href":"https:\/\/www.newsrecorder.ro\/app\/wp-json\/wp\/v2\/media?parent=4694"}],"wp:term":[{"taxonomy":"category","embeddable":true,"href":"https:\/\/www.newsrecorder.ro\/app\/wp-json\/wp\/v2\/categories?post=4694"},{"taxonomy":"post_tag","embeddable":true,"href":"https:\/\/www.newsrecorder.ro\/app\/wp-json\/wp\/v2\/tags?post=4694"}],"curies":[{"name":"wp","href":"https:\/\/api.w.org\/{rel}","templated":true}]}}