{"id":4702,"date":"2026-02-23T14:25:38","date_gmt":"2026-02-23T14:25:38","guid":{"rendered":"https:\/\/www.newsrecorder.ro\/app\/2026\/02\/23\/eduard-cioroaba-accidentare-severa-in-meciul-cu-portugalia\/"},"modified":"2026-02-23T14:25:38","modified_gmt":"2026-02-23T14:25:38","slug":"eduard-cioroaba-accidentare-severa-in-meciul-cu-portugalia","status":"publish","type":"post","link":"https:\/\/www.newsrecorder.ro\/app\/2026\/02\/23\/eduard-cioroaba-accidentare-severa-in-meciul-cu-portugalia\/","title":{"rendered":"Eduard Cioroab\u0103, accidentare sever\u0103 \u00een meciul cu Portugalia!"},"content":{"rendered":"<p>\u00cen urma unei examin\u0103ri CT, medicii au diagnosticat un traumatism cranio-facial cu o plag\u0103 la nivelul buzei inferioare, conform unui comunicat emis de Federa\u021bia Rom\u00e2n\u0103 de Rugby (FRR).<\/p>\n<p>Reprezentan\u021bii FRR au declarat c\u0103 starea juc\u0103torului este bun\u0103, acesta nu a necesitat internare \u0219i se va \u00eentoarce \u00een \u021bar\u0103 al\u0103turi de echipa na\u021bional\u0103. \u00cen perioada urm\u0103toare, Cioroab\u0103 va fi sub observa\u021bia atent\u0103 a echipei medicale.<\/p>\n<p>Accidentarea a avut loc \u00een minutul 25 al meciului, \u00een urma unui placaj \u00eenalt, pentru care juc\u0103torul portughez Diogo Hasse Ferreira a primit cartona\u0219 galben. Aceast\u0103 faz\u0103 a fost urmat\u0103 de prima \u0219i singura \u00eencercare de eseu reu\u0219it\u0103 de echipa Rom\u00e2niei \u00een meci.<\/p>\n<p>Cioroab\u0103 a evoluat \u00een acest meci ca parte a celei de-a doua sale apari\u021bii pentru echipa na\u021bional\u0103 a Rom\u00e2niei. Debutul s\u0103u a avut loc \u00een partida c\u00e2\u0219tigat\u0103 de \u201eStejari\u201d \u00eempotriva Belgiei, desf\u0103\u0219urat\u0103 la Ia\u0219i, unde a reu\u0219it s\u0103 marcheze un eseu.<\/p>\n<p>\u00cen confruntarea de la Est\u00e1dio Nacional do Jamor, Portugalia a ob\u021binut o victorie clar\u0103 cu 44-7 (25-7), marc\u00e2nd astfel cea mai categoric\u0103 victorie a lusitanilor \u00een istoria \u00eent\u00e2lnirilor cu Rom\u00e2nia.<\/p>\n<p>Ca urmare a acestui rezultat, Rom\u00e2nia a terminat pe locul al doilea \u00een Grupa B \u0219i se va preg\u0103ti pentru semifinala competi\u021biei, care va avea loc \u00een deplasare, la Tbilisi, \u00eempotriva Georgiei, campioana en-titre. Meciul este programat pentru weekendul 7-8 martie. \u00cen cealalt\u0103 semifinal\u0103, Portugalia va \u00eent\u00e2lni Spania pe teren propriu.<\/p>\n","protected":false},"excerpt":{"rendered":"<p>\u00cen urma unei examin\u0103ri CT, medicii au diagnosticat un traumatism cranio-facial cu o plag\u0103 la nivelul buzei inferioare, conform unui comunicat emis de Federa\u021bia Rom\u00e2n\u0103 de Rugby (FRR). Reprezentan\u021bii FRR au declarat c\u0103 starea juc\u0103torului este bun\u0103, acesta nu a necesitat internare \u0219i se va \u00eentoarce \u00een \u021bar\u0103 al\u0103turi de echipa na\u021bional\u0103. \u00cen perioada urm\u0103toare, [&hellip;]<\/p>\n","protected":false},"author":6,"featured_media":4703,"comment_status":"open","ping_status":"open","sticky":false,"template":"","format":"standard","meta":{"jnews-multi-image_gallery":[],"jnews_single_post":[],"jnews_primary_category":[],"jnews_override_counter":[],"footnotes":""},"categories":[46],"tags":[7262,7261,113,2548,57,7263,1365,7260],"class_list":["post-4702","post","type-post","status-publish","format-standard","has-post-thumbnail","hentry","category-sport","tag-cartonas-galben","tag-cioroaba","tag-echipa-nationala","tag-federatia-romana-de-rugby","tag-meci","tag-observatie-medicala","tag-rugby","tag-traumatism-cranio-facial"],"_links":{"self":[{"href":"https:\/\/www.newsrecorder.ro\/app\/wp-json\/wp\/v2\/posts\/4702","targetHints":{"allow":["GET"]}}],"collection":[{"href":"https:\/\/www.newsrecorder.ro\/app\/wp-json\/wp\/v2\/posts"}],"about":[{"href":"https:\/\/www.newsrecorder.ro\/app\/wp-json\/wp\/v2\/types\/post"}],"author":[{"embeddable":true,"href":"https:\/\/www.newsrecorder.ro\/app\/wp-json\/wp\/v2\/users\/6"}],"replies":[{"embeddable":true,"href":"https:\/\/www.newsrecorder.ro\/app\/wp-json\/wp\/v2\/comments?post=4702"}],"version-history":[{"count":0,"href":"https:\/\/www.newsrecorder.ro\/app\/wp-json\/wp\/v2\/posts\/4702\/revisions"}],"wp:featuredmedia":[{"embeddable":true,"href":"https:\/\/www.newsrecorder.ro\/app\/wp-json\/wp\/v2\/media\/4703"}],"wp:attachment":[{"href":"https:\/\/www.newsrecorder.ro\/app\/wp-json\/wp\/v2\/media?parent=4702"}],"wp:term":[{"taxonomy":"category","embeddable":true,"href":"https:\/\/www.newsrecorder.ro\/app\/wp-json\/wp\/v2\/categories?post=4702"},{"taxonomy":"post_tag","embeddable":true,"href":"https:\/\/www.newsrecorder.ro\/app\/wp-json\/wp\/v2\/tags?post=4702"}],"curies":[{"name":"wp","href":"https:\/\/api.w.org\/{rel}","templated":true}]}}