{"id":4706,"date":"2026-02-23T14:26:11","date_gmt":"2026-02-23T14:26:11","guid":{"rendered":"https:\/\/www.newsrecorder.ro\/app\/2026\/02\/23\/jonas-vingegaard-revine-la-competitii-la-paris-nice-dupa-accidentul-din-ianuarie\/"},"modified":"2026-02-23T14:26:11","modified_gmt":"2026-02-23T14:26:11","slug":"jonas-vingegaard-revine-la-competitii-la-paris-nice-dupa-accidentul-din-ianuarie","status":"publish","type":"post","link":"https:\/\/www.newsrecorder.ro\/app\/2026\/02\/23\/jonas-vingegaard-revine-la-competitii-la-paris-nice-dupa-accidentul-din-ianuarie\/","title":{"rendered":"Jonas Vingegaard revine la competi\u021bii la Paris-Nice dup\u0103 accidentul din ianuarie!"},"content":{"rendered":"<p>Jonas Vingegaard a exprimat entuziasmul s\u0103u de a reveni la startul prestigioasei curse Paris-Nice, o competi\u021bie cu o istorie bogat\u0103. \u201eSunt \u00eenc\u00e2ntat s\u0103 fiu din nou la startul Paris-Nice. Este o curs\u0103 prestigioas\u0103, cu mult\u0103 istorie. Ca echip\u0103, avem un titlu de ap\u0103rat aici. Dup\u0103 ce am c\u0103zut \u0219i m-am \u00eemboln\u0103vit, mi-am luat timpul necesar pentru recuperare. Acum m\u0103 simt preg\u0103tit s\u0103 revin \u00een competi\u021bii \u0219i a\u0219tept cu ner\u0103bdare acest moment, dup\u0103 o iarn\u0103 lung\u0103 de antrenamente\u201d, a declarat el \u00eentr-un comunicat oficial al echipei.<\/p>\n<p>De\u0219i participarea sa la Paris-Nice nu era planificat\u0103 ini\u021bial, aceast\u0103 competi\u021bie serve\u0219te, de obicei, ca o preg\u0103tire pentru Turul Fran\u021bei, un alt obiectiv major pentru ciclistul danez.<\/p>\n<p>Vingegaard a fost nevoit s\u0103 renun\u021be la Turul Emiratelor Arabe Unite din cauza unei c\u0103z\u0103turi suferite \u00een timpul antrenamentului, care a fost urmat\u0103 de probleme de s\u0103n\u0103tate. Incidentul a avut loc luna trecut\u0103, \u00een timpul unei cobor\u00e2ri \u00een apropiere de Malaga, Spania.<\/p>\n<p>Acesta va fi a treia participare a lui Vingegaard la Paris-Nice. \u00cen 2023, el a terminat pe locul al treilea, \u00een urma lui Tadej Poga\u010dar, iar anul trecut a fost nevoit s\u0103 abandoneze competi\u021bia din cauza unei alte c\u0103z\u0103turi, care i-a provocat o como\u021bie cerebral\u0103.<\/p>\n<p>Cu titluri de c\u00e2\u0219tig\u0103tor \u00een Turul Fran\u021bei \u00een 2022 \u0219i 2023, precum \u0219i \u00een Turul Spaniei \u00een 2025, Vingegaard \u0219i-a ajustat ambi\u021biile pentru acest sezon. Obiectivul s\u0103u principal \u00een prim\u0103var\u0103 este s\u0103 participe la Turul Italiei, competi\u021bie pe care o va aborda pentru prima dat\u0103, av\u00e2nd \u00een vedere realizarea \u201etriplei\u201d \u00een Marile Tururi.<\/p>\n<p>Edi\u021bia din acest an a cursei Paris-Nice va debuta duminic\u0103, 8 martie, \u0219i se va \u00eencheia duminic\u0103, 15 martie.<\/p>\n","protected":false},"excerpt":{"rendered":"<p>Jonas Vingegaard a exprimat entuziasmul s\u0103u de a reveni la startul prestigioasei curse Paris-Nice, o competi\u021bie cu o istorie bogat\u0103. \u201eSunt \u00eenc\u00e2ntat s\u0103 fiu din nou la startul Paris-Nice. Este o curs\u0103 prestigioas\u0103, cu mult\u0103 istorie. Ca echip\u0103, avem un titlu de ap\u0103rat aici. Dup\u0103 ce am c\u0103zut \u0219i m-am \u00eemboln\u0103vit, mi-am luat timpul necesar [&hellip;]<\/p>\n","protected":false},"author":6,"featured_media":4707,"comment_status":"open","ping_status":"open","sticky":false,"template":"","format":"standard","meta":{"jnews-multi-image_gallery":[],"jnews_single_post":[],"jnews_primary_category":[],"jnews_override_counter":[],"footnotes":""},"categories":[46],"tags":[1167,1593,56,82,7268,7267,585,1592],"class_list":["post-4706","post","type-post","status-publish","format-standard","has-post-thumbnail","hentry","category-sport","tag-antrenamente","tag-ciclism","tag-competitie","tag-echipa","tag-jonas-vingegaard","tag-paris-nice","tag-recuperare","tag-turul-frantei"],"_links":{"self":[{"href":"https:\/\/www.newsrecorder.ro\/app\/wp-json\/wp\/v2\/posts\/4706","targetHints":{"allow":["GET"]}}],"collection":[{"href":"https:\/\/www.newsrecorder.ro\/app\/wp-json\/wp\/v2\/posts"}],"about":[{"href":"https:\/\/www.newsrecorder.ro\/app\/wp-json\/wp\/v2\/types\/post"}],"author":[{"embeddable":true,"href":"https:\/\/www.newsrecorder.ro\/app\/wp-json\/wp\/v2\/users\/6"}],"replies":[{"embeddable":true,"href":"https:\/\/www.newsrecorder.ro\/app\/wp-json\/wp\/v2\/comments?post=4706"}],"version-history":[{"count":0,"href":"https:\/\/www.newsrecorder.ro\/app\/wp-json\/wp\/v2\/posts\/4706\/revisions"}],"wp:featuredmedia":[{"embeddable":true,"href":"https:\/\/www.newsrecorder.ro\/app\/wp-json\/wp\/v2\/media\/4707"}],"wp:attachment":[{"href":"https:\/\/www.newsrecorder.ro\/app\/wp-json\/wp\/v2\/media?parent=4706"}],"wp:term":[{"taxonomy":"category","embeddable":true,"href":"https:\/\/www.newsrecorder.ro\/app\/wp-json\/wp\/v2\/categories?post=4706"},{"taxonomy":"post_tag","embeddable":true,"href":"https:\/\/www.newsrecorder.ro\/app\/wp-json\/wp\/v2\/tags?post=4706"}],"curies":[{"name":"wp","href":"https:\/\/api.w.org\/{rel}","templated":true}]}}