{"id":4708,"date":"2026-02-23T14:26:33","date_gmt":"2026-02-23T14:26:33","guid":{"rendered":"https:\/\/www.newsrecorder.ro\/app\/2026\/02\/23\/darren-cahill-va-onora-retragerea-simonei-halep-la-cluj\/"},"modified":"2026-02-23T14:26:33","modified_gmt":"2026-02-23T14:26:33","slug":"darren-cahill-va-onora-retragerea-simonei-halep-la-cluj","status":"publish","type":"post","link":"https:\/\/www.newsrecorder.ro\/app\/2026\/02\/23\/darren-cahill-va-onora-retragerea-simonei-halep-la-cluj\/","title":{"rendered":"Darren Cahill va onora retragerea Simonei Halep la Cluj!"},"content":{"rendered":"<p>Prezen\u021ba lui Darren Cahill la Sports Festival din Cluj-Napoca promite s\u0103 aduc\u0103 o not\u0103 emo\u021bional\u0103 special\u0103, av\u00e2nd \u00een vedere c\u0103 acest moment marcheaz\u0103 una dintre cele mai importante rela\u021bii din cariera Simonei Halep. Australianul a fost antrenorul care a ghidat-o pe Halep spre cele mai mari succese ale sale, inclusiv c\u00e2\u0219tigarea primului titlu de Grand Slam, Roland Garros 2018, \u0219i ob\u021binerea locului 1 mondial.<\/p>\n<p>Darren Cahill a declarat: \u201eAbia a\u0219tept s\u0103 revin \u00een Rom\u00e2nia, la Cluj-Napoca, pentru Sports Festival, pe 13 iunie! Este o oportunitate de a celebra o campioan\u0103 extraordinar\u0103. Simona este o m\u00e2ndrie nu doar pentru ea \u00eens\u0103\u0219i, ci \u0219i pentru familia sa \u0219i pentru modul \u00een care \u0219i-a construit cariera, baz\u00e2ndu-se pe munc\u0103 asidu\u0103. Cel mai important este c\u0103 Simona a reu\u0219it s\u0103 fac\u0103 totul \u00een felul ei. Avem o campioan\u0103 de dou\u0103 ori la turnee de Grand Slam, de dou\u0103 ori lider mondial la finalul anului \u0219i o juc\u0103toare incredibil\u0103 care a petrecut cea mai mare parte a carierei \u00een top 5 mondial! Vom avea ocazia s\u0103 ne adun\u0103m \u0219i s\u0103 celebr\u0103m o carier\u0103 cu adev\u0103rat remarcabil\u0103.\u201d<\/p>\n<p>Colaborarea dintre Simona Halep \u0219i Darren Cahill a \u00eenceput \u00een martie 2015, ini\u021bial printr-un program Adidas destinat dezvolt\u0103rii juc\u0103torilor, continu\u00e2nd apoi full-time \u00een intervalele octombrie 2015 \u2013 octombrie 2018 \u0219i ianuarie 2020 \u2013 septembrie 2021.<\/p>\n<p>Sub \u00eendrumarea lui Cahill, Simona Halep a ob\u021binut 10 titluri WTA \u0219i a atins cea mai bun\u0103 versiune a jocului s\u0103u, fiind recunoscut\u0103 ca una dintre cele mai complete juc\u0103toare ale genera\u021biei sale.<\/p>\n<p>Darren Cahill nu este str\u0103in de Cluj-Napoca, av\u00e2nd \u00een vedere c\u0103 a participat \u0219i la edi\u021bia din 2019 a Sports Festival, unde a fost al\u0103turi de Halep \u00eentr-un meci demonstrativ \u00een fa\u021ba a aproximativ 10.000 de spectatori. Cu acea ocazie, Cahill a cobor\u00e2t pe teren \u00eempreun\u0103 cu Andrei Pavel \u0219i a sus\u021binut un masterclass dedicat antrenorilor \u0219i tinerilor juc\u0103tori.<\/p>\n<p>Dup\u0103 \u00eencheierea colabor\u0103rii cu Simona Halep, Darren Cahill a continuat s\u0103 activeze la cel mai \u00eenalt nivel al tenisului, devenind parte din echipa tehnic\u0103 a italianului Jannik Sinner. \u00cempreun\u0103, au ob\u021binut rezultate remarcabile, inclusiv titluri de Grand Slam \u0219i la Turneul Campionilor. De-a lungul carierei sale, Cahill a colaborat cu nume legendare ale tenisului, inclusiv cu Andre Agassi.<\/p>\n<p>De asemenea, Cahill a fost mentorul \u0219i antrenorul lui Lleyton Hewitt, reu\u0219ind s\u0103-l conduc\u0103 spre locul 1 ATP \u00een 2001.<\/p>\n<p>Cea de-a \u0219aptea edi\u021bie a Sports Festival va avea loc \u00eentre 11 \u0219i 14 iunie 2026, continu\u00e2nd tradi\u021bia de a oferi sute de activit\u0103\u021bi sportive, competi\u021bii, demonstra\u021bii, invita\u021bi interna\u021bionali, conferin\u021be inspira\u021bionale \u0219i acces gratuit la majoritatea activit\u0103\u021bilor.<\/p>\n","protected":false},"excerpt":{"rendered":"<p>Prezen\u021ba lui Darren Cahill la Sports Festival din Cluj-Napoca promite s\u0103 aduc\u0103 o not\u0103 emo\u021bional\u0103 special\u0103, av\u00e2nd \u00een vedere c\u0103 acest moment marcheaz\u0103 una dintre cele mai importante rela\u021bii din cariera Simonei Halep. Australianul a fost antrenorul care a ghidat-o pe Halep spre cele mai mari succese ale sale, inclusiv c\u00e2\u0219tigarea primului titlu de Grand [&hellip;]<\/p>\n","protected":false},"author":6,"featured_media":4709,"comment_status":"open","ping_status":"open","sticky":false,"template":"","format":"standard","meta":{"jnews-multi-image_gallery":[],"jnews_single_post":[],"jnews_primary_category":[],"jnews_override_counter":[],"footnotes":""},"categories":[46],"tags":[3856,97,1187,7269,1412,7271,1791,7270],"class_list":["post-4708","post","type-post","status-publish","format-standard","has-post-thumbnail","hentry","category-sport","tag-campioana","tag-cariera","tag-cluj-napoca","tag-darren-cahill","tag-grand-slam","tag-roland-garros","tag-simona-halep","tag-sports-festival"],"_links":{"self":[{"href":"https:\/\/www.newsrecorder.ro\/app\/wp-json\/wp\/v2\/posts\/4708","targetHints":{"allow":["GET"]}}],"collection":[{"href":"https:\/\/www.newsrecorder.ro\/app\/wp-json\/wp\/v2\/posts"}],"about":[{"href":"https:\/\/www.newsrecorder.ro\/app\/wp-json\/wp\/v2\/types\/post"}],"author":[{"embeddable":true,"href":"https:\/\/www.newsrecorder.ro\/app\/wp-json\/wp\/v2\/users\/6"}],"replies":[{"embeddable":true,"href":"https:\/\/www.newsrecorder.ro\/app\/wp-json\/wp\/v2\/comments?post=4708"}],"version-history":[{"count":0,"href":"https:\/\/www.newsrecorder.ro\/app\/wp-json\/wp\/v2\/posts\/4708\/revisions"}],"wp:featuredmedia":[{"embeddable":true,"href":"https:\/\/www.newsrecorder.ro\/app\/wp-json\/wp\/v2\/media\/4709"}],"wp:attachment":[{"href":"https:\/\/www.newsrecorder.ro\/app\/wp-json\/wp\/v2\/media?parent=4708"}],"wp:term":[{"taxonomy":"category","embeddable":true,"href":"https:\/\/www.newsrecorder.ro\/app\/wp-json\/wp\/v2\/categories?post=4708"},{"taxonomy":"post_tag","embeddable":true,"href":"https:\/\/www.newsrecorder.ro\/app\/wp-json\/wp\/v2\/tags?post=4708"}],"curies":[{"name":"wp","href":"https:\/\/api.w.org\/{rel}","templated":true}]}}