{"id":471,"date":"2026-01-23T20:17:07","date_gmt":"2026-01-23T20:17:07","guid":{"rendered":"https:\/\/www.newsrecorder.ro\/app\/2026\/01\/23\/bucuresti-sub-cod-galben-ger-crunt-temperaturi-de-pana-la-13c\/"},"modified":"2026-01-23T20:17:07","modified_gmt":"2026-01-23T20:17:07","slug":"bucuresti-sub-cod-galben-ger-crunt-temperaturi-de-pana-la-13c","status":"publish","type":"post","link":"https:\/\/www.newsrecorder.ro\/app\/2026\/01\/23\/bucuresti-sub-cod-galben-ger-crunt-temperaturi-de-pana-la-13c\/","title":{"rendered":"Bucure\u0219ti sub Cod galben: Ger crunt, temperaturi de p\u00e2n\u0103 la -13\u00b0C!"},"content":{"rendered":"<p>Luni, vremea se va r\u0103ci considerabil, cu temperaturi maxime ce vor varia \u00eentre -5 \u0219i -3 grade Celsius. Noaptea, minimele vor sc\u0103dea p\u00e2n\u0103 la valori cuprinse \u00eentre -13 \u0219i -10 grade. Cerul va fi predominant noros pe parcursul zilei, iar \u00een primele ore sunt posibile ninsori u\u0219oare. Pe m\u0103sur\u0103 ce ziua avanseaz\u0103, cerul va \u00eencepe s\u0103 se degajeze treptat. V\u00e2ntul va avea o intensitate slab\u0103 p\u00e2n\u0103 la moderat\u0103.<\/p>\n<p>Mar\u021bi, gerul va continua s\u0103 se resimt\u0103. Maximele se vor situa \u00eentre 0 \u0219i 2 grade, \u00een timp ce minimele vor oscila \u00eentre -11 \u0219i -8 grade. Cerul va fi variabil, iar v\u00e2ntul va r\u0103m\u00e2ne slab \u0219i moderat. Spre finalul zilei, este posibil s\u0103 apar\u0103 condi\u021bii de cea\u021b\u0103.<\/p>\n<p>\u00cen ceea ce prive\u0219te ziua de miercuri, meteorologii prev\u0103d o u\u0219oar\u0103 cre\u0219tere a temperaturilor. Maximele se vor ridica la 3-4 grade, iar minimele vor fi cuprinse \u00eentre -3 \u0219i 0 grade. Cerul va r\u0103m\u00e2ne variabil, cu \u00eennor\u0103ri pe timpul nop\u021bii, c\u00e2nd se a\u0219teapt\u0103 precipita\u021bii slabe mixte, care ar putea duce la formarea poleiului.<\/p>\n<p>Conform Administra\u021biei Na\u021bionale de Meteorologie (ANM), \u00een perioada 19 ianuarie (luni) de la ora 10:00 p\u00e2n\u0103 pe 22 ianuarie (joi) la ora 10:00, municipiul Bucure\u0219ti se va afla sub inciden\u021ba unei inform\u0103ri meteorologice ce vizeaz\u0103 vreme deosebit de rece, ger noaptea \u0219i diminea\u021ba, precipita\u021bii mixte \u0219i formarea poleiului.<\/p>\n<p>De asemenea, pe durata zilelor de luni p\u00e2n\u0103 miercuri, Capitala va fi sub aten\u021bionare meteorologic\u0103 cod galben pentru ger.<\/p>\n","protected":false},"excerpt":{"rendered":"<p>Luni, vremea se va r\u0103ci considerabil, cu temperaturi maxime ce vor varia \u00eentre -5 \u0219i -3 grade Celsius. Noaptea, minimele vor sc\u0103dea p\u00e2n\u0103 la valori cuprinse \u00eentre -13 \u0219i -10 grade. Cerul va fi predominant noros pe parcursul zilei, iar \u00een primele ore sunt posibile ninsori u\u0219oare. Pe m\u0103sur\u0103 ce ziua avanseaz\u0103, cerul va \u00eencepe [&hellip;]<\/p>\n","protected":false},"author":5,"featured_media":472,"comment_status":"open","ping_status":"open","sticky":false,"template":"","format":"standard","meta":{"jnews-multi-image_gallery":[],"jnews_single_post":[],"jnews_primary_category":[],"jnews_override_counter":[],"footnotes":""},"categories":[45],"tags":[131,130,128,127,135,126,137,125],"class_list":["post-471","post","type-post","status-publish","format-standard","has-post-thumbnail","hentry","category-meteo","tag-ceata","tag-cer-variabil","tag-ger","tag-ninsori","tag-precipitatii","tag-temperaturi","tag-vant","tag-vreme"],"_links":{"self":[{"href":"https:\/\/www.newsrecorder.ro\/app\/wp-json\/wp\/v2\/posts\/471","targetHints":{"allow":["GET"]}}],"collection":[{"href":"https:\/\/www.newsrecorder.ro\/app\/wp-json\/wp\/v2\/posts"}],"about":[{"href":"https:\/\/www.newsrecorder.ro\/app\/wp-json\/wp\/v2\/types\/post"}],"author":[{"embeddable":true,"href":"https:\/\/www.newsrecorder.ro\/app\/wp-json\/wp\/v2\/users\/5"}],"replies":[{"embeddable":true,"href":"https:\/\/www.newsrecorder.ro\/app\/wp-json\/wp\/v2\/comments?post=471"}],"version-history":[{"count":0,"href":"https:\/\/www.newsrecorder.ro\/app\/wp-json\/wp\/v2\/posts\/471\/revisions"}],"wp:featuredmedia":[{"embeddable":true,"href":"https:\/\/www.newsrecorder.ro\/app\/wp-json\/wp\/v2\/media\/472"}],"wp:attachment":[{"href":"https:\/\/www.newsrecorder.ro\/app\/wp-json\/wp\/v2\/media?parent=471"}],"wp:term":[{"taxonomy":"category","embeddable":true,"href":"https:\/\/www.newsrecorder.ro\/app\/wp-json\/wp\/v2\/categories?post=471"},{"taxonomy":"post_tag","embeddable":true,"href":"https:\/\/www.newsrecorder.ro\/app\/wp-json\/wp\/v2\/tags?post=471"}],"curies":[{"name":"wp","href":"https:\/\/api.w.org\/{rel}","templated":true}]}}