{"id":4726,"date":"2026-02-23T19:21:40","date_gmt":"2026-02-23T19:21:40","guid":{"rendered":"https:\/\/www.newsrecorder.ro\/app\/2026\/02\/23\/viscol-si-ninsoare-cod-galben-anm-pentru-jumatate-din-tara\/"},"modified":"2026-02-23T19:21:40","modified_gmt":"2026-02-23T19:21:40","slug":"viscol-si-ninsoare-cod-galben-anm-pentru-jumatate-din-tara","status":"publish","type":"post","link":"https:\/\/www.newsrecorder.ro\/app\/2026\/02\/23\/viscol-si-ninsoare-cod-galben-anm-pentru-jumatate-din-tara\/","title":{"rendered":"Viscol \u0219i ninsoare: Cod galben ANM pentru jum\u0103tate din \u021bar\u0103!"},"content":{"rendered":"<p>Noul raport emis de Administra\u021bia Na\u021bional\u0103 de Meteorologie (ANM) aduce ve\u0219ti importante pentru popula\u021bie. O alert\u0103 de tip Cod galben a fost activat\u0103, semnal\u00e2nd viscol puternic \u0219i precipita\u021bii semnificative \u00een zonele deja afectate de v\u00e2nt \u0219i ninsoare.<\/p>\n<p>A\u0219adar, \u00eencep\u00e2nd cu aceast\u0103 dup\u0103-amiaz\u0103, v\u00e2ntul va \u00eencepe s\u0103 se intensifice \u00een sudul Moldovei \u0219i Muntenia, extinz\u00e2ndu-se ulterior \u00een Dobrogea \u0219i sud-estul Olteniei. Rafalele de v\u00e2nt vor atinge viteze de 50-60 km\/h, iar \u00een anumite zone, acestea vor putea ajunge chiar p\u00e2n\u0103 la 65-70 km\/h. Aceast\u0103 situa\u021bie va determina o sc\u0103dere semnificativ\u0103 a vizibilit\u0103\u021bii, care va cobor\u00ee sub 100 de metri \u00een regiunile afectate de viscol.<\/p>\n<p><strong>Ninsori \u0219i polei<\/strong><\/p>\n<p>Noaptea de vineri spre s\u00e2mb\u0103t\u0103 va aduce precipita\u021bii mixte ini\u021bial, cu un risc de polei \u0219i ghe\u021bu\u0219, urm\u00e2nd ca acestea s\u0103 se transforme \u00een ninsoare pe aproape \u00eentreg teritoriul \u021b\u0103rii, cu excep\u021bia litoralului. Stratul de z\u0103pad\u0103 a\u0219teptat va varia \u00eentre 15 \u0219i 20 cm, iar cantit\u0103\u021bile de ap\u0103 acumulate vor fi \u00eentre 15 \u0219i 30 l\/mp.<\/p>\n<p><strong>Ger \u0219i temperaturi extreme<\/strong><\/p>\n<p>\u00cencep\u00e2nd cu s\u00e2mb\u0103t\u0103, temperaturile vor suferi o sc\u0103dere brusc\u0103 \u00een cea mai mare parte a \u021b\u0103rii. \u00cen regiunile sudice \u0219i estice, maximele nu vor dep\u0103\u0219i valori cuprinse \u00eentre -5 \u0219i 1 grad Celsius. De asemenea, minimele din noaptea de vineri spre s\u00e2mb\u0103t\u0103 vor cobor\u00ee p\u00e2n\u0103 la -12 grade \u00een nordul Moldovei \u0219i nord-estul Transilvaniei.<\/p>\n<p><strong>Informarea meteo \u00een vigoare<\/strong><\/p>\n<p>Pe l\u00e2ng\u0103 alerta de Cod galben, <a href=\"https:\/\/www.mediafax.ro\/meteo\/anm-informare-meteo-ploile-si-ninsorile-cuprind-toata-romania-pana-duminica-23689536\">informarea meteorologic\u0103<\/a> anterioar\u0103 r\u0103m\u00e2ne \u00een vigoare pentru \u00eentreaga \u021bar\u0103 p\u00e2n\u0103 duminic\u0103 diminea\u021ba, viz\u00e2nd ninsori, polei, v\u00e2nt puternic \u0219i viscol la munte, cu rafale de 70-90 km\/h la altitudini mari.<\/p>\n<p>\u00cen regiunile Banat \u0219i Cri\u0219ana, ploile vor fi predominante, \u00een timp ce \u00een Moldova \u0219i la munte se vor \u00eenregistra ninsori. Vineri, pe parcursul zilei, \u00een majoritatea teritoriului vor predomina ploile, \u00eens\u0103 din seara zilei de vineri \u0219i p\u00e2n\u0103 duminic\u0103 diminea\u021ba, ninsorile vor deveni fenomenul dominant. Cantit\u0103\u021bile de ap\u0103 vor fi de 15-20 l\/mp, iar izolat se vor \u00eenregistra valori de peste 25 l\/mp.<\/p>\n<p>De asemenea, pe suprafe\u021be restr\u00e2nse se va forma polei \u0219i ghe\u021bu\u0219, iar un strat de z\u0103pad\u0103 cu grosimi medii de 5-15 cm se va depune. Vineri, v\u00e2ntul va avea intensific\u0103ri temporare \u00een regiunile vestice \u0219i la munte, iar ulterior, \u00eencep\u00e2nd cu orele amiezii \u0219i p\u00e2n\u0103 s\u00e2mb\u0103t\u0103 seara, va afecta \u0219i regiunile estice \u0219i sud-estice. Viteza v\u00e2ntului va varia \u00eentre 40 \u0219i 55 km\/h, \u00een timp ce rafalele la altitudini mari vor putea atinge 70-90 km\/h, ceea ce va conduce la viscol \u0219i vizibilitate redus\u0103 \u00een sud-estul \u021b\u0103rii.<\/p>\n<p>\u00cen concluzie, vineri va fi o zi rece \u00een jum\u0103tatea de nord a Moldovei, cu temperaturi maxime cuprinse \u00eentre -3 \u0219i 2 grade. Minimele din noaptea de vineri spre s\u00e2mb\u0103t\u0103 se vor situa \u00eentre -12 \u0219i 4 grade, cele mai sc\u0103zute valori fiind \u00eenregistrate \u00een nordul Moldovei \u0219i nord-estul Transilvaniei. S\u00e2mb\u0103t\u0103, \u00eentreaga \u021bar\u0103 se va r\u0103ci, iar \u00een sud \u0219i est, maximele vor fi cuprinse \u00eentre -5 \u0219i 1 grad Celsius.<\/p>\n","protected":false},"excerpt":{"rendered":"<p>Noul raport emis de Administra\u021bia Na\u021bional\u0103 de Meteorologie (ANM) aduce ve\u0219ti importante pentru popula\u021bie. O alert\u0103 de tip Cod galben a fost activat\u0103, semnal\u00e2nd viscol puternic \u0219i precipita\u021bii semnificative \u00een zonele deja afectate de v\u00e2nt \u0219i ninsoare. A\u0219adar, \u00eencep\u00e2nd cu aceast\u0103 dup\u0103-amiaz\u0103, v\u00e2ntul va \u00eencepe s\u0103 se intensifice \u00een sudul Moldovei \u0219i Muntenia, extinz\u00e2ndu-se ulterior [&hellip;]<\/p>\n","protected":false},"author":5,"featured_media":4727,"comment_status":"open","ping_status":"open","sticky":false,"template":"","format":"standard","meta":{"jnews-multi-image_gallery":[],"jnews_single_post":[],"jnews_primary_category":[],"jnews_override_counter":[],"footnotes":""},"categories":[45],"tags":[7284,196,743,136,135,994,1142,1807],"class_list":["post-4726","post","type-post","status-publish","format-standard","has-post-thumbnail","hentry","category-meteo","tag-alerta-meteorologica","tag-cod-galben","tag-ninsoare","tag-polei","tag-precipitatii","tag-vant-puternic","tag-viscol","tag-vizibilitate-redusa"],"_links":{"self":[{"href":"https:\/\/www.newsrecorder.ro\/app\/wp-json\/wp\/v2\/posts\/4726","targetHints":{"allow":["GET"]}}],"collection":[{"href":"https:\/\/www.newsrecorder.ro\/app\/wp-json\/wp\/v2\/posts"}],"about":[{"href":"https:\/\/www.newsrecorder.ro\/app\/wp-json\/wp\/v2\/types\/post"}],"author":[{"embeddable":true,"href":"https:\/\/www.newsrecorder.ro\/app\/wp-json\/wp\/v2\/users\/5"}],"replies":[{"embeddable":true,"href":"https:\/\/www.newsrecorder.ro\/app\/wp-json\/wp\/v2\/comments?post=4726"}],"version-history":[{"count":0,"href":"https:\/\/www.newsrecorder.ro\/app\/wp-json\/wp\/v2\/posts\/4726\/revisions"}],"wp:featuredmedia":[{"embeddable":true,"href":"https:\/\/www.newsrecorder.ro\/app\/wp-json\/wp\/v2\/media\/4727"}],"wp:attachment":[{"href":"https:\/\/www.newsrecorder.ro\/app\/wp-json\/wp\/v2\/media?parent=4726"}],"wp:term":[{"taxonomy":"category","embeddable":true,"href":"https:\/\/www.newsrecorder.ro\/app\/wp-json\/wp\/v2\/categories?post=4726"},{"taxonomy":"post_tag","embeddable":true,"href":"https:\/\/www.newsrecorder.ro\/app\/wp-json\/wp\/v2\/tags?post=4726"}],"curies":[{"name":"wp","href":"https:\/\/api.w.org\/{rel}","templated":true}]}}