{"id":4736,"date":"2026-02-23T19:22:56","date_gmt":"2026-02-23T19:22:56","guid":{"rendered":"https:\/\/www.newsrecorder.ro\/app\/2026\/02\/23\/alerta-meteo-viscol-intens-si-ninsori-record-de-peste-50-cm\/"},"modified":"2026-02-23T19:22:56","modified_gmt":"2026-02-23T19:22:56","slug":"alerta-meteo-viscol-intens-si-ninsori-record-de-peste-50-cm","status":"publish","type":"post","link":"https:\/\/www.newsrecorder.ro\/app\/2026\/02\/23\/alerta-meteo-viscol-intens-si-ninsori-record-de-peste-50-cm\/","title":{"rendered":"Alert\u0103 meteo: Viscol intens \u0219i ninsori record de peste 50 cm!"},"content":{"rendered":"<p>\u00centre miercuri diminea\u021b\u0103 \u0219i joi diminea\u021b\u0103, vremea va r\u0103m\u00e2ne rece \u00een regiunile Moldova, estul Munteniei \u0219i Dobrogea. Temperaturile maxime vor varia \u00eentre -6 \u0219i 0 grade Celsius, \u00een timp ce temperaturile minime se vor men\u021bine \u00een teritoriu la valori negative, cuprinse \u00eentre -8 \u0219i 1 grad Celsius.<\/p>\n<p>\u00cen partea estic\u0103 a \u021b\u0103rii, ninsorile viscolite vor continua, cu viteze ale v\u00e2ntului de 50 p\u00e2n\u0103 la 70 km\/h. \u00cen Carpa\u021bii Meridionali \u0219i de Curbur\u0103, rafalele vor atinge \u00eentre 70 \u0219i 90 km\/h, ceea ce va reduce semnificativ vizibilitatea. Se a\u0219teapt\u0103 formarea unui nou strat de z\u0103pad\u0103, cu grosimi medii \u00eentre 10 \u0219i 20 cm, iar cantit\u0103\u021bile de ap\u0103 acumulate vor varia \u00eentre 10 \u0219i 15 l\/mp, av\u00e2nd chiar \u0219i valori locale de peste 20 l\/mp \u00een sud-estul \u021b\u0103rii.<\/p>\n<h2>Cod galben de ninsori viscolite \u0219i strat de z\u0103pad\u0103<\/h2>\n<p>\u00cen sudul Moldovei, sud-estul Transilvaniei, nord-estul Munteniei, precum \u0219i \u00een Carpa\u021bii Meridionali \u0219i de Curbur\u0103, se vor \u00eenregistra ninsori viscolite temporare, cu un strat de z\u0103pad\u0103 ce va ajunge la grosimi medii de 10-15 cm. Vizibilitatea va fi sub 100 m, iar v\u00e2ntul va sufl\u0103 cu intensific\u0103ri de 50 p\u00e2n\u0103 la 70 km\/h, iar \u00een zona montan\u0103 \u00eenalt\u0103, rafalele vor atinge 70-90 km\/h.<\/p>\n<p>Avertizarea este activ\u0103 miercuri, \u00eentre orele 10:00 \u0219i 23:00.<\/p>\n<h2>Cod galben de intensific\u0103ri ale v\u00e2ntului<\/h2>\n<p>\u00cen acela\u0219i interval, \u00een jude\u021bele Mehedin\u021bi, Dolj, Olt \u0219i Teleorman, v\u00e2ntul va avea intensific\u0103ri cu viteze de 50 p\u00e2n\u0103 la 70 km\/h.<\/p>\n<h2>Cod portocaliu de ninsori \u0219i strat consistent de z\u0103pad\u0103<\/h2>\n<p>\u00cen ziua de miercuri, \u00eentre orele 10:00 \u0219i 16:00, \u00een jude\u021bul Ilfov \u0219i \u00een municipiul Bucure\u0219ti, ninsorile vor continua, iar la sf\u00e2r\u0219itul intervalului de avertizare, grosimea total\u0103 a stratului de z\u0103pad\u0103 va dep\u0103\u0219i 50 cm.<\/p>\n<p id=\"caption-attachment-23688781\" class=\"wp-caption-text\">Sursa foto: ANM<\/p>\n<p>De asemenea, tot miercuri, \u00eentre orele 10:00 \u0219i 23:00, \u00een jude\u021bele C\u0103l\u0103ra\u0219i, Ialomi\u021ba, Br\u0103ila, Tulcea \u0219i Constan\u021ba, vor c\u0103dea ninsori, iar stratul de z\u0103pad\u0103 va fi local consistent, cu grosimi de aproximativ 20-25 cm, echivalent \u00een ap\u0103 de 20-25 l\/mp. V\u00e2ntul va avea rafale puternice, de 60-80 km\/h, iar condi\u021biile vor favoriza viscolul puternic, cu z\u0103pad\u0103 troienit\u0103 \u0219i vizibilitate redus\u0103 sub 50 m.<\/p>\n<h2>Cod galben de ninsori viscolite<\/h2>\n<p>\u00cencep\u00e2nd de miercuri, ora 23:00, \u0219i p\u00e2n\u0103 joi la ora 10:00, \u00een estul Carpa\u021bilor Meridionali \u0219i \u00een Carpa\u021bii de Curbur\u0103, ninsorile viscolite vor continua, cu vizibilitate sc\u0103zut\u0103 sub 100 m. V\u00e2ntul va avea rafale de 70-90 km\/h.<\/p>\n<p id=\"caption-attachment-23688784\" class=\"wp-caption-text\">Sursa foto: ANM<\/p>\n","protected":false},"excerpt":{"rendered":"<p>\u00centre miercuri diminea\u021b\u0103 \u0219i joi diminea\u021b\u0103, vremea va r\u0103m\u00e2ne rece \u00een regiunile Moldova, estul Munteniei \u0219i Dobrogea. Temperaturile maxime vor varia \u00eentre -6 \u0219i 0 grade Celsius, \u00een timp ce temperaturile minime se vor men\u021bine \u00een teritoriu la valori negative, cuprinse \u00eentre -8 \u0219i 1 grad Celsius. \u00cen partea estic\u0103 a \u021b\u0103rii, ninsorile viscolite vor [&hellip;]<\/p>\n","protected":false},"author":5,"featured_media":4737,"comment_status":"open","ping_status":"open","sticky":false,"template":"","format":"standard","meta":{"jnews-multi-image_gallery":[],"jnews_single_post":[],"jnews_primary_category":[],"jnews_override_counter":[],"footnotes":""},"categories":[45],"tags":[1145,196,2253,871,4036,995,2317,139],"class_list":["post-4736","post","type-post","status-publish","format-standard","has-post-thumbnail","hentry","category-meteo","tag-carpati","tag-cod-galben","tag-dobrogea","tag-moldova","tag-muntenia","tag-ninsori-viscolite","tag-temperaturi-negative","tag-vreme-rece"],"_links":{"self":[{"href":"https:\/\/www.newsrecorder.ro\/app\/wp-json\/wp\/v2\/posts\/4736","targetHints":{"allow":["GET"]}}],"collection":[{"href":"https:\/\/www.newsrecorder.ro\/app\/wp-json\/wp\/v2\/posts"}],"about":[{"href":"https:\/\/www.newsrecorder.ro\/app\/wp-json\/wp\/v2\/types\/post"}],"author":[{"embeddable":true,"href":"https:\/\/www.newsrecorder.ro\/app\/wp-json\/wp\/v2\/users\/5"}],"replies":[{"embeddable":true,"href":"https:\/\/www.newsrecorder.ro\/app\/wp-json\/wp\/v2\/comments?post=4736"}],"version-history":[{"count":0,"href":"https:\/\/www.newsrecorder.ro\/app\/wp-json\/wp\/v2\/posts\/4736\/revisions"}],"wp:featuredmedia":[{"embeddable":true,"href":"https:\/\/www.newsrecorder.ro\/app\/wp-json\/wp\/v2\/media\/4737"}],"wp:attachment":[{"href":"https:\/\/www.newsrecorder.ro\/app\/wp-json\/wp\/v2\/media?parent=4736"}],"wp:term":[{"taxonomy":"category","embeddable":true,"href":"https:\/\/www.newsrecorder.ro\/app\/wp-json\/wp\/v2\/categories?post=4736"},{"taxonomy":"post_tag","embeddable":true,"href":"https:\/\/www.newsrecorder.ro\/app\/wp-json\/wp\/v2\/tags?post=4736"}],"curies":[{"name":"wp","href":"https:\/\/api.w.org\/{rel}","templated":true}]}}