{"id":4752,"date":"2026-02-23T20:11:00","date_gmt":"2026-02-23T20:11:00","guid":{"rendered":"https:\/\/www.newsrecorder.ro\/app\/2026\/02\/23\/ninsori-masive-in-carpati-risc-de-avalansa-in-fagaras-si-bucegi\/"},"modified":"2026-02-23T20:11:00","modified_gmt":"2026-02-23T20:11:00","slug":"ninsori-masive-in-carpati-risc-de-avalansa-in-fagaras-si-bucegi","status":"publish","type":"post","link":"https:\/\/www.newsrecorder.ro\/app\/2026\/02\/23\/ninsori-masive-in-carpati-risc-de-avalansa-in-fagaras-si-bucegi\/","title":{"rendered":"Ninsori masive \u00een Carpa\u021bi: risc de avalan\u0219\u0103 \u00een F\u0103g\u0103ra\u0219 \u0219i Bucegi!"},"content":{"rendered":"<p><a href=\"https:\/\/www.meteoromania.ro\/\">Administra\u021bia Na\u021bional\u0103 de Meteorologie<\/a> a publicat un buletin nivometeorologic pentru perioada 16 februarie, ora 20:00 \u2013 18 februarie, ora 20:00, eviden\u021biind un risc semnificativ de avalan\u0219\u0103 \u00een diverse masive montane, cu accent pe Carpa\u021bii Meridionali \u0219i de Curbur\u0103.<\/p>\n<p>Condi\u021biile cele mai periculoase sunt identificate \u00een Mun\u021bii F\u0103g\u0103ra\u0219 \u0219i Bucegi, unde la altitudini de peste 1.800 de metri, riscul de avalan\u0219\u0103 atinge nivelul 4 \u2013 mare.<\/p>\n<h2>F\u0103g\u0103ra\u0219 \u0219i Bucegi: risc 4 \u2013 mare la altitudini \u00eenalte<\/h2>\n<p>La altitudini de peste 1.800 m, stratul de z\u0103pad\u0103 existent con\u021bine deja 10\u201315 cm de z\u0103pad\u0103 proasp\u0103t\u0103, iar \u00een urm\u0103toarea perioad\u0103 se prev\u0103d depuneri locale de 15\u201320 cm, \u00een unele zone chiar mai mult.<\/p>\n<p>Meteorologii semnaleaz\u0103 mai multe probleme semnificative \u00een zonele montane:<\/p>\n<ul>\n<li>pl\u0103ci de v\u00e2nt numeroase, \u00een special pe versan\u021bii nordici \u0219i estici;<\/li>\n<li>straturi instabile \u00een primii 30\u201340 cm;<\/li>\n<li>cruste de ghea\u021b\u0103 \u0219i cristale de tip \u201ecup\u0103\u201d \u00een ad\u00e2ncime, care pot facilita alunecarea;<\/li>\n<li>corni\u0219e de mari dimensiuni \u00een apropierea crestelor;<\/li>\n<li>depozite de z\u0103pad\u0103 ce dep\u0103\u0219esc 2 metri \u00een unele v\u0103i.<\/li>\n<\/ul>\n<p>Pe pantele abrupte, se pot declan\u0219a avalan\u0219e de dimensiuni medii \u0219i mari, chiar \u0219i prin supra\u00eenc\u0103rc\u0103ri minime, cum ar fi trecerea unui schior sau a unui grup.<\/p>\n<p>Sub 1.800 m, riscul scade la 3 \u2013 \u00eensemnat, \u00eens\u0103 avalan\u0219ele medii \u0219i izolat mari r\u0103m\u00e2n posibile, \u00een special \u00eentre 1.500 \u0219i 1.800 m.<\/p>\n<h2>Riscuri \u00een \u021aarcu, Godeanu, Par\u00e2ng \u0219i \u0218ureanu<\/h2>\n<p>\u00cen Carpa\u021bii Meridionali, \u00een masivele \u021aarcu-Godeanu \u0219i Par\u00e2ng-\u0218ureanu, riscul se men\u021bine la nivelul 3 \u2013 \u00eensemnat la altitudini ce dep\u0103\u0219esc 1.800 m.<\/p>\n<p>Stratul de z\u0103pad\u0103 va continua s\u0103 creasc\u0103 cu \u00eenc\u0103 10\u201320 cm, iar instabilitatea este accentuat\u0103 de:<\/p>\n<ul>\n<li>pl\u0103ci de v\u00e2nt recent formate;<\/li>\n<li>straturi fragile \u00een ad\u00e2ncime;<\/li>\n<li>depozite consistente \u00een v\u0103i.<\/li>\n<\/ul>\n<p>La altitudini sub 1.800 m, riscul r\u0103m\u00e2ne \u00eensemnat \u00een \u021aarcu \u0219i Godeanu, iar \u00een Par\u00e2ng \u0219i \u0218ureanu este moderat.<\/p>\n<h2>Carpa\u021bii Orientali: risc 3 \u00een Rodnei \u0219i C\u0103limani, risc 2 \u00een Ceahl\u0103u<\/h2>\n<p>\u00cen masivele Rodnei \u0219i C\u0103limani-Bistri\u021bei, la altitudini de peste 1.800 m, se men\u021bine un risc de 3 \u2013 \u00eensemnat, din cauza stratului nou de z\u0103pad\u0103 depus peste unul mai vechi, care nu este complet stabilizat.<\/p>\n<p>\u00cen Masivul Ceahl\u0103u \u0219i \u00een Carpa\u021bii Occidentali, riscul este de 2 \u2013 moderat, \u00eens\u0103 pe pantele abrupte pot ap\u0103rea avalan\u0219e mici \u0219i izolat medii, \u00een special \u00een urma unor supra\u00eenc\u0103rc\u0103ri.<\/p>\n<h2>Cantit\u0103\u021bi semnificative de z\u0103pad\u0103 \u0219i v\u00e2nt puternic<\/h2>\n<p>Meteorologii anun\u021b\u0103 ninsori semnificative \u00een Carpa\u021bii Meridionali \u0219i sudul Carpa\u021bilor Orientali, unde se pot acumula:<\/p>\n<ul>\n<li>10\u201315 l\/mp pe arii extinse;<\/li>\n<li>25\u201330 l\/mp local, \u00een special pe versan\u021bii sudici.<\/li>\n<\/ul>\n<p>Stratul de z\u0103pad\u0103 poate cre\u0219te cu 20\u201330 cm la altitudini de peste 1.500 m, iar pe crestele Meridionalilor se prev\u0103d rafale de v\u00e2nt de 80\u2013100 km\/h, cu viscol puternic.<\/p>\n<h2>Grosimea actual\u0103 a stratului de z\u0103pad\u0103 la munte<\/h2>\n<p>La data de 16 februarie, ora 14:00, grosimea stratului de z\u0103pad\u0103 era urm\u0103toarea:<\/p>\n<ul>\n<li>163 cm la V\u00e2rful Omu;<\/li>\n<li>150 cm la B\u00e2lea-Lac;<\/li>\n<li>132 cm la \u021aarcu;<\/li>\n<li>83 cm la C\u0103limani;<\/li>\n<li>59 cm la L\u0103c\u0103u\u021bi \u0219i Semenic.<\/li>\n<\/ul>\n<h2>Recomand\u0103ri pentru turi\u0219ti \u0219i sportivi montani<\/h2>\n<p>\u00cen condi\u021bii de risc 4 \u2013 mare, speciali\u0219tii recomand\u0103 evitarea traseelor alpine \u0219i a pantelor \u00eenclinate, precum \u0219i a zonelor cu acumul\u0103ri recente de z\u0103pad\u0103 \u0219i corni\u0219e. Este esen\u021bial s\u0103 se urm\u0103reasc\u0103 constant actualiz\u0103rile buletinului nivologic.<\/p>\n<p>Acest buletin poate fi revizuit \u00een func\u021bie de evolu\u021bia vremii \u0219i a stratului de z\u0103pad\u0103, astfel \u00eenc\u00e2t turi\u0219tii s\u0103 fie bine informa\u021bi pentru a-\u0219i planifica activit\u0103\u021bile montane \u00een siguran\u021b\u0103.<\/p>\n","protected":false},"excerpt":{"rendered":"<p>Administra\u021bia Na\u021bional\u0103 de Meteorologie a publicat un buletin nivometeorologic pentru perioada 16 februarie, ora 20:00 \u2013 18 februarie, ora 20:00, eviden\u021biind un risc semnificativ de avalan\u0219\u0103 \u00een diverse masive montane, cu accent pe Carpa\u021bii Meridionali \u0219i de Curbur\u0103. Condi\u021biile cele mai periculoase sunt identificate \u00een Mun\u021bii F\u0103g\u0103ra\u0219 \u0219i Bucegi, unde la altitudini de peste 1.800 [&hellip;]<\/p>\n","protected":false},"author":5,"featured_media":4753,"comment_status":"open","ping_status":"open","sticky":false,"template":"","format":"standard","meta":{"jnews-multi-image_gallery":[],"jnews_single_post":[],"jnews_primary_category":[],"jnews_override_counter":[],"footnotes":""},"categories":[45],"tags":[6659,119,1145,974,1428,133,1995,122],"class_list":["post-4752","post","type-post","status-publish","format-standard","has-post-thumbnail","hentry","category-meteo","tag-avalansa","tag-bucegi","tag-carpati","tag-conditii-meteorologice","tag-fagaras","tag-meteorologie","tag-risc","tag-strat-de-zapada"],"_links":{"self":[{"href":"https:\/\/www.newsrecorder.ro\/app\/wp-json\/wp\/v2\/posts\/4752","targetHints":{"allow":["GET"]}}],"collection":[{"href":"https:\/\/www.newsrecorder.ro\/app\/wp-json\/wp\/v2\/posts"}],"about":[{"href":"https:\/\/www.newsrecorder.ro\/app\/wp-json\/wp\/v2\/types\/post"}],"author":[{"embeddable":true,"href":"https:\/\/www.newsrecorder.ro\/app\/wp-json\/wp\/v2\/users\/5"}],"replies":[{"embeddable":true,"href":"https:\/\/www.newsrecorder.ro\/app\/wp-json\/wp\/v2\/comments?post=4752"}],"version-history":[{"count":0,"href":"https:\/\/www.newsrecorder.ro\/app\/wp-json\/wp\/v2\/posts\/4752\/revisions"}],"wp:featuredmedia":[{"embeddable":true,"href":"https:\/\/www.newsrecorder.ro\/app\/wp-json\/wp\/v2\/media\/4753"}],"wp:attachment":[{"href":"https:\/\/www.newsrecorder.ro\/app\/wp-json\/wp\/v2\/media?parent=4752"}],"wp:term":[{"taxonomy":"category","embeddable":true,"href":"https:\/\/www.newsrecorder.ro\/app\/wp-json\/wp\/v2\/categories?post=4752"},{"taxonomy":"post_tag","embeddable":true,"href":"https:\/\/www.newsrecorder.ro\/app\/wp-json\/wp\/v2\/tags?post=4752"}],"curies":[{"name":"wp","href":"https:\/\/api.w.org\/{rel}","templated":true}]}}