{"id":4768,"date":"2026-02-23T20:15:08","date_gmt":"2026-02-23T20:15:08","guid":{"rendered":"https:\/\/www.newsrecorder.ro\/app\/2026\/02\/23\/tragedie-in-salsa-willie-colon-legenda-muzicii-a-murit-la-75-de-ani-2\/"},"modified":"2026-02-23T20:15:08","modified_gmt":"2026-02-23T20:15:08","slug":"tragedie-in-salsa-willie-colon-legenda-muzicii-a-murit-la-75-de-ani-2","status":"publish","type":"post","link":"https:\/\/www.newsrecorder.ro\/app\/2026\/02\/23\/tragedie-in-salsa-willie-colon-legenda-muzicii-a-murit-la-75-de-ani-2\/","title":{"rendered":"Tragedie \u00een salsa: Willie Col\u00f3n, legenda muzicii, a murit la 75 de ani"},"content":{"rendered":"<p>\u201eDe\u0219i ne \u00eentrist\u0103m pentru absen\u021ba sa, ne bucur\u0103m de darul etern al muzicii sale \u0219i de amintirile pre\u021bioase pe care le-a l\u0103sat \u00een urm\u0103, amintiri ce vor d\u0103inui pentru totdeauna\u201d, a declarat familia lui Willie Col\u00f3n pe pagina sa de Facebook, conform <a href=\"https:\/\/www.reuters.com\/business\/media-telecom\/salsa-legend-willie-coln-dies-age-75-family-says-2026-02-21\/\" target=\"_blank\" rel=\"noopener\">Reuters<\/a>.<\/p>\n<p>Cauza decesului artistului nu a fost divulgat\u0103 publicului.<\/p>\n<p>Willie Col\u00f3n s-a n\u0103scut \u00een Bronx, din p\u0103rin\u021bi portoricani, \u0219i a l\u0103sat \u00een urm\u0103 o mo\u0219tenire muzical\u0103 impresionant\u0103, \u00eenregistr\u00e2nd zeci de albume. Printre cele mai cunoscute lucr\u0103ri se num\u0103r\u0103 <em>La Gran Fuga<\/em>, lansat \u00een 1970, \u0219i <em>El Juicio<\/em>, ap\u0103rut \u00een 1972, conform casei de discuri Fania Records, recunoscut\u0103 pentru promovarea muzicii salsa.<\/p>\n<p>La v\u00e2rsta de 15 ani, Col\u00f3n a semnat un contract cu Fania Records, iar \u00een 1967 \u0219i-a f\u0103cut debutul cu albumul <em>El Malo<\/em>, care a avut un succes remarcabil, v\u00e2nz\u00e2ndu-se \u00een peste 300.000 de exemplare, conform biografiei de pe site-ul Filarmonicii din Los Angeles.<\/p>\n<p>Muzica lui Col\u00f3n a fost o fuziune unic\u0103 de jazz, rock \u0219i salsa, \u00eembin\u00e2nd ritmuri din tradi\u021biile muzicale ale Cubei, Puerto Rico, Braziliei \u0219i Africii, a\u0219a cum subliniaz\u0103 biografia sa. O tem\u0103 central\u0103 \u00een crea\u021biile lui este explorarea rela\u021biei complexe pe care portoricanii o au at\u00e2t cu patria lor, c\u00e2t \u0219i cu Statele Unite.<\/p>\n<p>Col\u00f3n a folosit melodiile sale pentru a descrie \u0219i analiza provoc\u0103rile tr\u0103irii \u00een SUA ca portorican, dar \u0219i pentru a eviden\u021bia contribu\u021biile culturale semnificative ale comunit\u0103\u021bii portoricane.<\/p>\n<p>\u00cen 2004, artistul a fost onorat cu un premiu pentru \u00eentreaga carier\u0103 din partea Latin Academy of Recording Arts and Sciences, eviden\u021biind impactul s\u0103u asupra muzicii. De asemenea, Col\u00f3n a fost un activist social dedicat, implic\u00e2ndu-se \u00een Comisia Latino pentru combaterea SIDA \u0219i \u00een Funda\u021bia Na\u021biunilor Unite pentru Imigran\u021bi, l\u0103s\u00e2nd o amprent\u0103 profund\u0103 at\u00e2t \u00een muzic\u0103, c\u00e2t \u0219i \u00een societate.<\/p>\n","protected":false},"excerpt":{"rendered":"<p>\u201eDe\u0219i ne \u00eentrist\u0103m pentru absen\u021ba sa, ne bucur\u0103m de darul etern al muzicii sale \u0219i de amintirile pre\u021bioase pe care le-a l\u0103sat \u00een urm\u0103, amintiri ce vor d\u0103inui pentru totdeauna\u201d, a declarat familia lui Willie Col\u00f3n pe pagina sa de Facebook, conform Reuters. Cauza decesului artistului nu a fost divulgat\u0103 publicului. Willie Col\u00f3n s-a n\u0103scut [&hellip;]<\/p>\n","protected":false},"author":7,"featured_media":4769,"comment_status":"open","ping_status":"open","sticky":false,"template":"","format":"standard","meta":{"jnews-multi-image_gallery":[],"jnews_single_post":[],"jnews_primary_category":[],"jnews_override_counter":[],"footnotes":""},"categories":[43],"tags":[1025,6932,7311,6931,7310,7309,6930,6929],"class_list":["post-4768","post","type-post","status-publish","format-standard","has-post-thumbnail","hentry","category-cultura","tag-albume","tag-bronx","tag-casa-de-discuri","tag-fania-records","tag-fata-decesului","tag-mostenire-muzicala","tag-muzica-salsa","tag-willie-colon"],"_links":{"self":[{"href":"https:\/\/www.newsrecorder.ro\/app\/wp-json\/wp\/v2\/posts\/4768","targetHints":{"allow":["GET"]}}],"collection":[{"href":"https:\/\/www.newsrecorder.ro\/app\/wp-json\/wp\/v2\/posts"}],"about":[{"href":"https:\/\/www.newsrecorder.ro\/app\/wp-json\/wp\/v2\/types\/post"}],"author":[{"embeddable":true,"href":"https:\/\/www.newsrecorder.ro\/app\/wp-json\/wp\/v2\/users\/7"}],"replies":[{"embeddable":true,"href":"https:\/\/www.newsrecorder.ro\/app\/wp-json\/wp\/v2\/comments?post=4768"}],"version-history":[{"count":0,"href":"https:\/\/www.newsrecorder.ro\/app\/wp-json\/wp\/v2\/posts\/4768\/revisions"}],"wp:featuredmedia":[{"embeddable":true,"href":"https:\/\/www.newsrecorder.ro\/app\/wp-json\/wp\/v2\/media\/4769"}],"wp:attachment":[{"href":"https:\/\/www.newsrecorder.ro\/app\/wp-json\/wp\/v2\/media?parent=4768"}],"wp:term":[{"taxonomy":"category","embeddable":true,"href":"https:\/\/www.newsrecorder.ro\/app\/wp-json\/wp\/v2\/categories?post=4768"},{"taxonomy":"post_tag","embeddable":true,"href":"https:\/\/www.newsrecorder.ro\/app\/wp-json\/wp\/v2\/tags?post=4768"}],"curies":[{"name":"wp","href":"https:\/\/api.w.org\/{rel}","templated":true}]}}