{"id":4786,"date":"2026-02-23T20:44:41","date_gmt":"2026-02-23T20:44:41","guid":{"rendered":"https:\/\/www.newsrecorder.ro\/app\/2026\/02\/23\/ilie-bolojan-reformele-pnrr-trebuie-accelerate-altfel-vin-sanctiuni\/"},"modified":"2026-02-23T20:44:41","modified_gmt":"2026-02-23T20:44:41","slug":"ilie-bolojan-reformele-pnrr-trebuie-accelerate-altfel-vin-sanctiuni","status":"publish","type":"post","link":"https:\/\/www.newsrecorder.ro\/app\/2026\/02\/23\/ilie-bolojan-reformele-pnrr-trebuie-accelerate-altfel-vin-sanctiuni\/","title":{"rendered":"Ilie Bolojan: Reformele PNRR trebuie accelerate, altfel vin sanc\u021biuni!"},"content":{"rendered":"<p>\u00cen data de luni, a avut loc o important\u0103 reuniune a Comitetului Interministerial de Coordonare a Planului Na\u021bional de Redresare \u0219i Rezilien\u021b\u0103, sub conducerea prim-ministrului Ilie Bolojan \u0219i a ministrului Drago\u0219 P\u00eeslaru. Scopul acestei \u00eent\u00e2lniri a fost evaluarea progresului reformelor \u0219i investi\u021biilor care fac parte din cererile de plat\u0103 trimise \u00een cadrul PNRR.<\/p>\n<p>Discu\u021biile s-au concentrat asupra problemelor r\u0103mase \u00een cererile de plat\u0103 3 \u0219i 4, care au fost deja transmise Comisiei Europene, precum \u0219i asupra preg\u0103tirii cererilor 5 \u0219i 6, ce urmeaz\u0103 a fi \u00eenaintate \u00een perioada apropiat\u0103.<\/p>\n<p>Premierul Bolojan a subliniat necesitatea acceler\u0103rii implement\u0103rii reformelor \u0219i investi\u021biilor, solicit\u00e2nd ministerelor s\u0103 elimine orice blocaje pentru a se asigura c\u0103 toate angajamentele asumate sunt respectate p\u00e2n\u0103 la data limit\u0103 de 31 august 2026. De asemenea, a cerut ca \u00eent\u00e2rzierile \u00een plata facturilor pentru lucr\u0103rile realizate \u00een cadrul proiectelor s\u0103 fie solu\u021bionate prompt.<\/p>\n<p>\u00cen contextul responsabilit\u0103\u021bii, prim-ministrul a avertizat c\u0103 ne\u00eendeplinirea angajamentelor va atrage sanc\u021biuni de dou\u0103 tipuri. Astfel, mini\u0219trii \u0219i secretarii de stat vor avea r\u0103spundere politic\u0103, inclusiv posibilitatea revoc\u0103rii din func\u021bie \u00een cazul \u00een care Rom\u00e2nia ar pierde fonduri din PNRR. \u00cen ceea ce prive\u0219te directorii \u0219i personalul din administra\u021bie, acesta a men\u021bionat c\u0103 nu este acceptabil ca ace\u0219tia s\u0103 \u00eencaseze sporuri pentru fonduri europene dac\u0103 \u021bara nu reu\u0219e\u0219te s\u0103 valorifice banii disponibili.<\/p>\n<p>Premierul a cerut, de asemenea, o monitorizare constant\u0103 a progresului reformelor \u0219i investi\u021biilor. Ministrul Investi\u021biilor, Drago\u0219 P\u00eeslaru, a discutat cu reprezentan\u021bii ministerelor despre stadiul \u021bintelor \u0219i jaloanelor \u0219i a solicitat actualiz\u0103ri periodice cu privire la implementare.<\/p>\n<p>P\u00eeslaru a eviden\u021biat c\u0103, dup\u0103 ce anul trecut s-a reu\u0219it cre\u0219terea absorb\u021biei fondurilor PNRR de la aproximativ 4 miliarde de euro la peste 10,5 miliarde de euro, \u00een urm\u0103toarele \u0219ase luni este necesar s\u0103 se adopte un ritm \u0219i mai intens pentru a dubla aceast\u0103 sum\u0103. El a f\u0103cut apel la toate ministerele s\u0103 transmit\u0103, p\u00e2n\u0103 la sf\u00e2r\u0219itul s\u0103pt\u0103m\u00e2nii, informa\u021bii actualizate c\u0103tre MIPE privind progresele realizate, precum \u0219i un calendar al activit\u0103\u021bilor planificate pentru a avea o imagine de ansamblu actualizat\u0103 asupra implement\u0103rii.<\/p>\n<p>Referitor la finan\u021bare, secretarul de stat din Ministerul Finan\u021belor, Florin Zaharia, a anun\u021bat c\u0103 bugetul pentru anul 2026 va include sume cu 70% mai mari comparativ cu anul precedent. Astfel, cofinan\u021barea na\u021bional\u0103 va ajunge la aproximativ 73 de miliarde de lei, ceea ce va permite autorit\u0103\u021bilor locale s\u0103 beneficieze de cele mai mari bugete de p\u00e2n\u0103 acum pentru implementarea proiectelor din cadrul PNRR.<\/p>\n<p>Reuniunea a fost marcat\u0103 de prezen\u021ba prim-ministrului Ilie Bolojan, ministrului Drago\u0219 P\u00eeslaru, vicepremierilor Oana Gheorghiu \u0219i Marian Neac\u0219u, precum \u0219i a mini\u0219trilor \u0219i secretarilor de stat din ministerele responsabile cu coordonarea reformelor \u0219i investi\u021biilor, al\u0103turi de membri \u0219i invita\u021bi permanen\u021bi ai Comitetului Interministerial de Coordonare PNRR.<\/p>\n","protected":false},"excerpt":{"rendered":"<p>\u00cen data de luni, a avut loc o important\u0103 reuniune a Comitetului Interministerial de Coordonare a Planului Na\u021bional de Redresare \u0219i Rezilien\u021b\u0103, sub conducerea prim-ministrului Ilie Bolojan \u0219i a ministrului Drago\u0219 P\u00eeslaru. Scopul acestei \u00eent\u00e2lniri a fost evaluarea progresului reformelor \u0219i investi\u021biilor care fac parte din cererile de plat\u0103 trimise \u00een cadrul PNRR. Discu\u021biile s-au [&hellip;]<\/p>\n","protected":false},"author":2,"featured_media":4787,"comment_status":"open","ping_status":"open","sticky":false,"template":"","format":"standard","meta":{"jnews-multi-image_gallery":[],"jnews_single_post":[],"jnews_primary_category":[],"jnews_override_counter":[],"footnotes":""},"categories":[42],"tags":[7330,7329,499,420,944,443,1057,4280],"class_list":["post-4786","post","type-post","status-publish","format-standard","has-post-thumbnail","hentry","category-politica","tag-blocaje","tag-cereri-de-plata","tag-comisia-europeana","tag-investitii","tag-pnrr","tag-prim-ministru","tag-reforme","tag-reuniune"],"_links":{"self":[{"href":"https:\/\/www.newsrecorder.ro\/app\/wp-json\/wp\/v2\/posts\/4786","targetHints":{"allow":["GET"]}}],"collection":[{"href":"https:\/\/www.newsrecorder.ro\/app\/wp-json\/wp\/v2\/posts"}],"about":[{"href":"https:\/\/www.newsrecorder.ro\/app\/wp-json\/wp\/v2\/types\/post"}],"author":[{"embeddable":true,"href":"https:\/\/www.newsrecorder.ro\/app\/wp-json\/wp\/v2\/users\/2"}],"replies":[{"embeddable":true,"href":"https:\/\/www.newsrecorder.ro\/app\/wp-json\/wp\/v2\/comments?post=4786"}],"version-history":[{"count":0,"href":"https:\/\/www.newsrecorder.ro\/app\/wp-json\/wp\/v2\/posts\/4786\/revisions"}],"wp:featuredmedia":[{"embeddable":true,"href":"https:\/\/www.newsrecorder.ro\/app\/wp-json\/wp\/v2\/media\/4787"}],"wp:attachment":[{"href":"https:\/\/www.newsrecorder.ro\/app\/wp-json\/wp\/v2\/media?parent=4786"}],"wp:term":[{"taxonomy":"category","embeddable":true,"href":"https:\/\/www.newsrecorder.ro\/app\/wp-json\/wp\/v2\/categories?post=4786"},{"taxonomy":"post_tag","embeddable":true,"href":"https:\/\/www.newsrecorder.ro\/app\/wp-json\/wp\/v2\/tags?post=4786"}],"curies":[{"name":"wp","href":"https:\/\/api.w.org\/{rel}","templated":true}]}}