{"id":4790,"date":"2026-02-23T21:30:51","date_gmt":"2026-02-23T21:30:51","guid":{"rendered":"https:\/\/www.newsrecorder.ro\/app\/2026\/02\/23\/mihai-fifor-critica-dur-premierul-reforma-lui-saracie-ne-apasa\/"},"modified":"2026-02-23T21:30:51","modified_gmt":"2026-02-23T21:30:51","slug":"mihai-fifor-critica-dur-premierul-reforma-lui-saracie-ne-apasa","status":"publish","type":"post","link":"https:\/\/www.newsrecorder.ro\/app\/2026\/02\/23\/mihai-fifor-critica-dur-premierul-reforma-lui-saracie-ne-apasa\/","title":{"rendered":"Mihai Fifor critic\u0103 dur premierul: \u201eReforma lui S\u0103r\u0103cie ne apas\u0103!\u201d"},"content":{"rendered":"<p>Deputatul PSD, Mihai Fifor, a declarat luni c\u0103 proiectul de buget pentru anul 2026 \u201enu va trece\u201d f\u0103r\u0103 implementarea m\u0103surilor de solidaritate propuse de social-democra\u021bi. Aceste m\u0103suri, a subliniat el, constituie \u201eoxigen\u201d pentru zeci de mii de rom\u00e2ni care se confrunt\u0103 cu efectele reformelor aplicate \u201ef\u0103r\u0103 discern\u0103m\u00e2nt \u0219i f\u0103r\u0103 o finalitate bine definit\u0103\u201d.<\/p>\n<p>\u00cen timp ce Fifor \u00ee\u0219i exprima opiniile pe pagina sa de Facebook, la Palatul Victoria avea loc o <a href=\"https:\/\/www.mediafax.ro\/politic\/negocieri-tensionate-astazi-in-sedinta-coalitiei-pe-tema-bugetului-din-2026-ce-conditii-pune-psd-pentru-sustinere-23691401\">\u0219edin\u021b\u0103 a Coali\u021biei de guvernare dedicat\u0103 bugetului pe 2026<\/a>.<\/p>\n<p>\u201eNu \u00een\u021beleg ce nu este clar pentru Ilie Bolojan: f\u0103r\u0103 m\u0103surile de solidaritate propuse de Partidul Social Democrat, bugetul nu va fi aprobat. Solidaritatea nu este o capriciu al PSD. Este esen\u021bial\u0103 pentru zeci de mii de rom\u00e2ni care se afl\u0103 \u00eentr-o situa\u021bie critic\u0103 dup\u0103 luni \u00eentregi de reforme brute, f\u0103r\u0103 discern\u0103m\u00e2nt \u0219i f\u0103r\u0103 o finalitate real\u0103, \u00een afar\u0103 de satisfac\u021bia premierului. Rom\u00e2nii nu protesteaz\u0103 din pl\u0103cere. Ei sunt \u00een strad\u0103 pentru c\u0103 au ajuns la limita suportabilit\u0103\u021bii. Presiunea a devenit insuportabil\u0103, iar \u201ereforma f\u0103r\u0103 excep\u021bii\u201d, pe care rom\u00e2nii o denumesc amar \u201eIlie S\u0103r\u0103cie\u201d, a devenit o povar\u0103 zilnic\u0103. Din p\u0103cate, singurul care nu pare s\u0103 \u00een\u021beleag\u0103 acest lucru este Ilie Bolojan. Rom\u00e2nia pe care o cunoa\u0219te el este complet diferit\u0103 de Rom\u00e2nia real\u0103, a austerit\u0103\u021bii f\u0103r\u0103 sens\u201d, a scris Mihai Fifor pe Facebook.<\/p>\n<p>Deputatul PSD a descris situa\u021bia actual\u0103 a Rom\u00e2niei, eviden\u021biind c\u0103 oamenii sunt \u201e\u00eengrozi\u021bi\u201d de viitor, av\u00e2nd \u00een vedere cre\u0219terea facturilor, sc\u0103derea veniturilor \u0219i normalizarea incertitudinii.<\/p>\n<p>\u201ePolitica t\u0103ierilor brutale, f\u0103r\u0103 analize adecvate, a dus \u00eentreaga \u021bar\u0103 \u00eentr-o stare de nemul\u021bumire general\u0103. Exist\u0103 posibilit\u0103\u021bi de reducere a costurilor \u0219i de restabilire a echilibrelor economice, dar nu prin concedieri masive \u0219i t\u0103ieri drastice de venituri. Aceste m\u0103suri nu trebuie s\u0103 fie \u00eenso\u021bite de arogan\u021b\u0103 \u0219i umilin\u021b\u0103, ci s\u0103 se concentreze pe men\u021binerea p\u0103cii sociale. Economia este un organism viu, care necesit\u0103 stabilitate, \u00eencredere \u0219i m\u0103suri echilibrate. \u00cen cele \u0219apte luni de c\u00e2nd Rom\u00e2nia a intrat sub conducerea lui Bolojan, aproape nicio categorie social\u0103 nu a sc\u0103pat neafectat\u0103. Sondajele indic\u0103 o stare de criz\u0103, evident\u0103 \u0219i \u00een buzunarele oamenilor, precum \u0219i \u00een datele oficiale care confirm\u0103 recesiunea. O problem\u0103 bugetar\u0103 s-a transformat \u00eentr-o criz\u0103 economic\u0103 \u0219i social\u0103. C\u00e2nd coeziunea social\u0103 \u00eencepe s\u0103 se fragmenteze, statul devine vulnerabil. Nemul\u021bumirea generalizat\u0103 nu \u00eent\u0103re\u0219te disciplina bugetar\u0103, ci o submineaz\u0103. \u00cencrederea \u00een deciden\u021bi este esen\u021bial\u0103 pentru stabilitatea institu\u021biilor, iar lipsa acesteia expune Rom\u00e2nia la riscuri economice \u0219i politice considerabile\u201d, a ad\u0103ugat el.<\/p>\n<p>Mihai Fifor a avertizat c\u0103 tensiunile sociale ar putea genera \u201eo explozie social\u0103\u201d capabil\u0103 s\u0103 \u201em\u0103ture tot, inclusiv fragilele progrese \u00een reducerea deficitului, \u0219i s\u0103 arunce societatea \u00eentr-o spiral\u0103 de instabilitate\u201d.<\/p>\n<p>\u201eBugetul trebuie s\u0103 includ\u0103 m\u0103surile de solidaritate propuse de PSD. Este esen\u021bial sprijinul pentru pensionarii cu venituri reduse, protec\u021bia persoanelor vulnerabile, eliminarea poverilor nejustificate, precum contribu\u021bia CASS pentru mame \u0219i veterani, \u0219i men\u021binerea finan\u021b\u0103rii \u00een educa\u021bie. Toate acestea trebuie incluse clar \u00een construc\u021bia bugetar\u0103. F\u0103r\u0103 solidaritate nu exist\u0103 stabilitate, iar f\u0103r\u0103 stabilitate nu poate exista o reform\u0103 sustenabil\u0103. F\u0103r\u0103 coeziune social\u0103, statul devine vulnerabil. Este at\u00e2t de greu de \u00een\u021beles, domnule Bolojan? Este nevoie de o schi\u021b\u0103?\u201d, a mai spus el.<\/p>\n<p>\u00centre timp, liderii Coali\u021biei de guvernare s-au reunit luni, la ora 13:00, pentru a discuta despre alocarea resurselor financiare pentru acest an. Sorin Grindeanu, liderul PSD, a declarat c\u0103 forma\u021biunea sa nu va sus\u021bine bugetul dac\u0103 Guvernul nu adopt\u0103 \u0219i pachetul de relansare economic\u0103.<\/p>\n","protected":false},"excerpt":{"rendered":"<p>Deputatul PSD, Mihai Fifor, a declarat luni c\u0103 proiectul de buget pentru anul 2026 \u201enu va trece\u201d f\u0103r\u0103 implementarea m\u0103surilor de solidaritate propuse de social-democra\u021bi. Aceste m\u0103suri, a subliniat el, constituie \u201eoxigen\u201d pentru zeci de mii de rom\u00e2ni care se confrunt\u0103 cu efectele reformelor aplicate \u201ef\u0103r\u0103 discern\u0103m\u00e2nt \u0219i f\u0103r\u0103 o finalitate bine definit\u0103\u201d. \u00cen timp [&hellip;]<\/p>\n","protected":false},"author":2,"featured_media":4791,"comment_status":"open","ping_status":"open","sticky":false,"template":"","format":"standard","meta":{"jnews-multi-image_gallery":[],"jnews_single_post":[],"jnews_primary_category":[],"jnews_override_counter":[],"footnotes":""},"categories":[42],"tags":[1068,636,1072,1840,300,1057,523,1482],"class_list":["post-4790","post","type-post","status-publish","format-standard","has-post-thumbnail","hentry","category-politica","tag-buget","tag-coalitie","tag-mihai-fifor","tag-palatul-victoria","tag-psd","tag-reforme","tag-romani","tag-solidaritate"],"_links":{"self":[{"href":"https:\/\/www.newsrecorder.ro\/app\/wp-json\/wp\/v2\/posts\/4790","targetHints":{"allow":["GET"]}}],"collection":[{"href":"https:\/\/www.newsrecorder.ro\/app\/wp-json\/wp\/v2\/posts"}],"about":[{"href":"https:\/\/www.newsrecorder.ro\/app\/wp-json\/wp\/v2\/types\/post"}],"author":[{"embeddable":true,"href":"https:\/\/www.newsrecorder.ro\/app\/wp-json\/wp\/v2\/users\/2"}],"replies":[{"embeddable":true,"href":"https:\/\/www.newsrecorder.ro\/app\/wp-json\/wp\/v2\/comments?post=4790"}],"version-history":[{"count":0,"href":"https:\/\/www.newsrecorder.ro\/app\/wp-json\/wp\/v2\/posts\/4790\/revisions"}],"wp:featuredmedia":[{"embeddable":true,"href":"https:\/\/www.newsrecorder.ro\/app\/wp-json\/wp\/v2\/media\/4791"}],"wp:attachment":[{"href":"https:\/\/www.newsrecorder.ro\/app\/wp-json\/wp\/v2\/media?parent=4790"}],"wp:term":[{"taxonomy":"category","embeddable":true,"href":"https:\/\/www.newsrecorder.ro\/app\/wp-json\/wp\/v2\/categories?post=4790"},{"taxonomy":"post_tag","embeddable":true,"href":"https:\/\/www.newsrecorder.ro\/app\/wp-json\/wp\/v2\/tags?post=4790"}],"curies":[{"name":"wp","href":"https:\/\/api.w.org\/{rel}","templated":true}]}}