{"id":4796,"date":"2026-02-23T21:32:13","date_gmt":"2026-02-23T21:32:13","guid":{"rendered":"https:\/\/www.newsrecorder.ro\/app\/2026\/02\/23\/bruxelles-transmite-un-avertisment-ferm-orban-sub-presiune-pentru-ucraina\/"},"modified":"2026-02-23T21:32:13","modified_gmt":"2026-02-23T21:32:13","slug":"bruxelles-transmite-un-avertisment-ferm-orban-sub-presiune-pentru-ucraina","status":"publish","type":"post","link":"https:\/\/www.newsrecorder.ro\/app\/2026\/02\/23\/bruxelles-transmite-un-avertisment-ferm-orban-sub-presiune-pentru-ucraina\/","title":{"rendered":"Bruxelles transmite un avertisment ferm: Orb\u00e1n, sub presiune pentru Ucraina!"},"content":{"rendered":"<p style=\"text-align: left\">\u00centr-o mi\u0219care semnificativ\u0103, pre\u0219edintele Consiliului European, Ant\u00f3nio Costa, a trimis luni o scrisoare lui Viktor Orb\u00e1n, premierul Ungariei, solicit\u00e2ndu-i s\u0103 respecte acordul convenit \u00een luna decembrie \u0219i s\u0103 permit\u0103 activarea mecanismului financiar destinat sprijinirii Ucrainei.<\/p>\n<p style=\"text-align: left\">\u201eV\u0103 \u00eendemn cu fermitate s\u0103 ac\u021biona\u021bi conform deciziei noastre comune din 18 decembrie \u0219i s\u0103 debloca\u021bi implementarea \u00cemprumutului de Sprijin pentru Ucraina \u00een valoare de 90 de miliarde de euro\u201d, a scris Costa, conform unei informa\u021bii publicate de <a href=\"https:\/\/www.politico.eu\/article\/eu-council-chief-warns-orban-against-backtracking-on-e90b-ukraine-loan\/\" target=\"_blank\" rel=\"noopener\">Politico<\/a>.<\/p>\n<p style=\"text-align: left\">Ant\u00f3nio Costa l-a avertizat pe Orb\u00e1n c\u0103 nerespectarea acordului ar echivala cu \u201eo \u00eenc\u0103lcare a principiului cooper\u0103rii loiale\u201d \u00eentre statele membre ale Uniunii Europene, subliniind c\u0103 \u201eniciun stat membru nu poate submina credibilitatea deciziilor luate \u00een comun\u201d.<\/p>\n<p style=\"text-align: left\">\u00cen scrisoarea sa, Costa a reafirmat angajamentul s\u0103u fa\u021b\u0103 de securitatea energetic\u0103 a tuturor \u021b\u0103rilor din UE \u0219i a men\u021bionat c\u0103 va discuta despre problema conductei Druzhba cu pre\u0219edintele ucrainean, Volodimir Zelenski.<\/p>\n<p style=\"text-align: left\">Pe de alt\u0103 parte, guvernul ungar a anun\u021bat vineri c\u0103 va bloca pachetul financiar dac\u0103 Ucraina nu reia fluxurile de petrol rusesc prin conducta Druzhba, vital\u0103 pentru alimentarea Ungariei \u0219i Slovaciei, recent avariat\u0103 \u00een urma unui atac cu dron\u0103 atribuit Rusiei.<\/p>\n<p style=\"text-align: left\">\u201eBloc\u0103m \u00eemprumutul UE de 90 de miliarde de euro pentru Ucraina p\u00e2n\u0103 c\u00e2nd tranzitul petrolului c\u0103tre Ungaria prin conducta Druzhba va fi reluat. Ucraina exercit\u0103 un \u0219antaj asupra Ungariei prin oprirea tranzitului de petrol, coordon\u00e2ndu-se cu Bruxelles-ul \u0219i cu opozi\u021bia ungar\u0103 pentru a crea probleme de aprovizionare \u0219i a cre\u0219te pre\u021burile combustibilului \u00eenainte de alegeri\u201d, a declarat P\u00e9ter Szijj\u00e1rt\u00f3, ministrul ungar de Externe, pe platforma X.<\/p>\n<p style=\"text-align: left\">Pachetul financiar de 90 de miliarde de euro, convenit de liderii Uniunii Europene la sf\u00e2r\u0219itul anului 2025, este destinat asigur\u0103rii unei finan\u021b\u0103ri stabile pentru Ucraina \u00een anii 2026-2027. Acesta va acoperi cheltuieli esen\u021biale, precum salariile, pensiile \u0219i func\u021bionarea serviciilor publice, contribuind \u00een acela\u0219i timp la men\u021binerea stabilit\u0103\u021bii economice \u0219i achizi\u021bia de echipamente militare necesare \u00een contextul conflictului.<\/p>\n<p style=\"text-align: left\">De\u0219i este denumit \u201e\u00eemprumut pentru Ucraina\u201d, acest mecanism este structurat astfel \u00eenc\u00e2t Kievul s\u0103 nu fie responsabil pentru rambursarea sumei din bugetul propriu. Uniunea European\u0103 se va \u00eemprumuta pe pie\u021bele interna\u021bionale prin emiterea de obliga\u021biuni comune, atr\u0103g\u00e2nd astfel fonduri \u00een numele statelor membre \u0219i pun\u00e2ndu-le la dispozi\u021bia Ucrainei.<\/p>\n<p style=\"text-align: left\">Obliga\u021biunile emise de UE sunt garantate din bugetul Uniunii, iar garan\u021bia utilizeaz\u0103 marja disponibil\u0103 din cadrul financiar multianual, adic\u0103 diferen\u021ba dintre plafonul maxim de cheltuieli \u0219i cheltuielile deja programate, care poate fi folosit\u0103 ca siguran\u021b\u0103 pentru investitori.<\/p>\n<p style=\"text-align: left\">Conform acordului politic stabilit, rambursarea \u00eemprumutului va fi acoperit\u0103 pe termen lung din alte surse stabilite la nivel european, inclusiv din eventuale desp\u0103gubiri de r\u0103zboi sau din active ruse\u0219ti \u00eenghe\u021bate, \u00een limita \u00een care cadrul legal permite acest lucru. Totu\u0219i, adoptarea acestei decizii necesit\u0103 unanimitate din partea statelor membre, iar opozi\u021bia din Ungaria ar putea \u00eent\u00e2rzia sau chiar bloca acordarea sprijinului.<\/p>\n<p style=\"text-align: left\">\u00cen replic\u0103, Viktor Orb\u00e1n a continuat s\u0103 acuze Bruxelles-ul \u0219i Kievul de influen\u021barea politicii interne a Ungariei. \u201eBruxellezii \u0219i Kievul vor s\u0103 intervin\u0103 \u00een alegerile din Ungaria pentru a \u00eenl\u0103tura guvernul nostru patriotic, astfel \u00eenc\u00e2t s\u0103-\u0219i poat\u0103 impune planurile. Nu ne pot t\u0103ia accesul la energia ruseasc\u0103, nu ne pot for\u021ba s\u0103 accept\u0103m aderarea Ucrainei la UE, nu ne pot obliga s\u0103 trimitem bani \u0219i nu ne pot t\u00e2r\u00ee \u00een r\u0103zboi. M\u00e2inile jos! Viitorul Ungariei trebuie decis exclusiv de poporul ungar!\u201d, a subliniat Orb\u00e1n pe platforma X.<\/p>\n<p style=\"text-align: left\">Aceast\u0103 disput\u0103 ad\u00e2nce\u0219te tensiunile \u00eentre Budapesta \u0219i restul capitalelor europene, \u00eentr-un moment \u00een care Uniunea European\u0103 caut\u0103 s\u0103 transmit\u0103 un mesaj de unitate \u00een sprijinul Ucrainei.<\/p>\n","protected":false},"excerpt":{"rendered":"<p>\u00centr-o mi\u0219care semnificativ\u0103, pre\u0219edintele Consiliului European, Ant\u00f3nio Costa, a trimis luni o scrisoare lui Viktor Orb\u00e1n, premierul Ungariei, solicit\u00e2ndu-i s\u0103 respecte acordul convenit \u00een luna decembrie \u0219i s\u0103 permit\u0103 activarea mecanismului financiar destinat sprijinirii Ucrainei. \u201eV\u0103 \u00eendemn cu fermitate s\u0103 ac\u021biona\u021bi conform deciziei noastre comune din 18 decembrie \u0219i s\u0103 debloca\u021bi implementarea \u00cemprumutului de Sprijin [&hellip;]<\/p>\n","protected":false},"author":2,"featured_media":4797,"comment_status":"open","ping_status":"open","sticky":false,"template":"","format":"standard","meta":{"jnews-multi-image_gallery":[],"jnews_single_post":[],"jnews_primary_category":[],"jnews_override_counter":[],"footnotes":""},"categories":[41],"tags":[4619,7337,1675,2586,682,3159,321,2103],"class_list":["post-4796","post","type-post","status-publish","format-standard","has-post-thumbnail","hentry","category-externe","tag-antonio-costa","tag-mecanism-financiar","tag-securitate-energetica","tag-sprijin","tag-ucraina","tag-ungarie","tag-uniunea-europeana","tag-viktor-orban"],"_links":{"self":[{"href":"https:\/\/www.newsrecorder.ro\/app\/wp-json\/wp\/v2\/posts\/4796","targetHints":{"allow":["GET"]}}],"collection":[{"href":"https:\/\/www.newsrecorder.ro\/app\/wp-json\/wp\/v2\/posts"}],"about":[{"href":"https:\/\/www.newsrecorder.ro\/app\/wp-json\/wp\/v2\/types\/post"}],"author":[{"embeddable":true,"href":"https:\/\/www.newsrecorder.ro\/app\/wp-json\/wp\/v2\/users\/2"}],"replies":[{"embeddable":true,"href":"https:\/\/www.newsrecorder.ro\/app\/wp-json\/wp\/v2\/comments?post=4796"}],"version-history":[{"count":0,"href":"https:\/\/www.newsrecorder.ro\/app\/wp-json\/wp\/v2\/posts\/4796\/revisions"}],"wp:featuredmedia":[{"embeddable":true,"href":"https:\/\/www.newsrecorder.ro\/app\/wp-json\/wp\/v2\/media\/4797"}],"wp:attachment":[{"href":"https:\/\/www.newsrecorder.ro\/app\/wp-json\/wp\/v2\/media?parent=4796"}],"wp:term":[{"taxonomy":"category","embeddable":true,"href":"https:\/\/www.newsrecorder.ro\/app\/wp-json\/wp\/v2\/categories?post=4796"},{"taxonomy":"post_tag","embeddable":true,"href":"https:\/\/www.newsrecorder.ro\/app\/wp-json\/wp\/v2\/tags?post=4796"}],"curies":[{"name":"wp","href":"https:\/\/api.w.org\/{rel}","templated":true}]}}