{"id":4806,"date":"2026-02-23T21:34:04","date_gmt":"2026-02-23T21:34:04","guid":{"rendered":"https:\/\/www.newsrecorder.ro\/app\/2026\/02\/23\/sua-isi-evacueaza-personalul-din-beirut-din-cauza-tensiunilor-cu-iranul\/"},"modified":"2026-02-23T21:34:04","modified_gmt":"2026-02-23T21:34:04","slug":"sua-isi-evacueaza-personalul-din-beirut-din-cauza-tensiunilor-cu-iranul","status":"publish","type":"post","link":"https:\/\/www.newsrecorder.ro\/app\/2026\/02\/23\/sua-isi-evacueaza-personalul-din-beirut-din-cauza-tensiunilor-cu-iranul\/","title":{"rendered":"SUA \u00ee\u0219i evacueaz\u0103 personalul din Beirut din cauza tensiunilor cu Iranul"},"content":{"rendered":"<p>\u00centr-o decizie recent\u0103, Departamentul de Stat al Statelor Unite a \u00eenceput procesul de retragere a personalului guvernamental neesen\u021bial din ambasada SUA din Liban, conform unei declara\u021bii f\u0103cute luni de un oficial de rang \u00eenalt, citat de <a href=\"https:\/\/www.reuters.com\/world\/middle-east\/us-pulling-non-essential-staff-embassy-beirut-amid-iran-tensions-2026-02-23\/\">Reuters<\/a>. Aceast\u0103 m\u0103sur\u0103 vine pe fondul unor \u00eengrijor\u0103ri cresc\u00e2nde legate de riscurile unui conflict militar cu Iranul.<\/p>\n<p>Oficialul a men\u021bionat c\u0103 \u201eevalu\u0103m \u00een permanen\u021b\u0103 mediul de securitate\u201d \u0219i, dup\u0103 o analiz\u0103 recent\u0103, s-a considerat prudent s\u0103 se reduc\u0103 prezen\u021ba la personalul esen\u021bial. Aceast\u0103 decizie reflect\u0103 o abordare precaut\u0103 fa\u021b\u0103 de situa\u021bia din regiune.<\/p>\n<p>Ambasada r\u0103m\u00e2ne func\u021bional\u0103, av\u00e2nd personalul de baz\u0103 \u00een continuare la post. \u201eEste o m\u0103sur\u0103 temporar\u0103, menit\u0103 s\u0103 asigure siguran\u021ba personalului nostru, \u00een timp ce ne men\u021binem capacitatea de a opera \u0219i de a asista cet\u0103\u021benii americani\u201d, a ad\u0103ugat oficialul, subliniind importan\u021ba men\u021binerii serviciilor diplomatice esen\u021biale.<\/p>\n<p>Conform informa\u021biilor furnizate de o surs\u0103 din cadrul ambasadei, au fost evacuate 50 de persoane. De asemenea, un oficial al aeroportului din Beirut a confirmat c\u0103 32 de angaja\u021bi ai ambasadei, \u00eempreun\u0103 cu membrii familiilor lor, au p\u0103r\u0103sit Libanul luni, zbur\u00e2nd de pe aeroportul din capital\u0103.<\/p>\n<p>Pe de alt\u0103 parte, armata american\u0103 \u00ee\u0219i \u00eent\u0103re\u0219te prezen\u021ba \u00een Orientul Mijlociu, inclusiv prin desf\u0103\u0219urarea a dou\u0103 portavioane \u00een zon\u0103. \u00centr-un context mai larg, fostul pre\u0219edinte Donald Trump a f\u0103cut apel la solu\u021bionarea unei dispute de lung\u0103 durat\u0103 legate de programul nuclear al Iranului, avertiz\u00e2nd c\u0103 \u201ese vor \u00eent\u00e2mpla lucruri foarte rele\u201d \u00een cazul \u00een care nu se va ajunge la un acord.<\/p>\n","protected":false},"excerpt":{"rendered":"<p>\u00centr-o decizie recent\u0103, Departamentul de Stat al Statelor Unite a \u00eenceput procesul de retragere a personalului guvernamental neesen\u021bial din ambasada SUA din Liban, conform unei declara\u021bii f\u0103cute luni de un oficial de rang \u00eenalt, citat de Reuters. Aceast\u0103 m\u0103sur\u0103 vine pe fondul unor \u00eengrijor\u0103ri cresc\u00e2nde legate de riscurile unui conflict militar cu Iranul. Oficialul a [&hellip;]<\/p>\n","protected":false},"author":2,"featured_media":4807,"comment_status":"open","ping_status":"open","sticky":false,"template":"","format":"standard","meta":{"jnews-multi-image_gallery":[],"jnews_single_post":[],"jnews_primary_category":[],"jnews_override_counter":[],"footnotes":""},"categories":[41],"tags":[7353,4291,2450,913,2183,7354,874,7355],"class_list":["post-4806","post","type-post","status-publish","format-standard","has-post-thumbnail","hentry","category-externe","tag-ambasada-sua","tag-conflict-militar","tag-departamentul-de-stat","tag-iran","tag-liban","tag-personal-esential","tag-securitate","tag-servicii-diplomatice"],"_links":{"self":[{"href":"https:\/\/www.newsrecorder.ro\/app\/wp-json\/wp\/v2\/posts\/4806","targetHints":{"allow":["GET"]}}],"collection":[{"href":"https:\/\/www.newsrecorder.ro\/app\/wp-json\/wp\/v2\/posts"}],"about":[{"href":"https:\/\/www.newsrecorder.ro\/app\/wp-json\/wp\/v2\/types\/post"}],"author":[{"embeddable":true,"href":"https:\/\/www.newsrecorder.ro\/app\/wp-json\/wp\/v2\/users\/2"}],"replies":[{"embeddable":true,"href":"https:\/\/www.newsrecorder.ro\/app\/wp-json\/wp\/v2\/comments?post=4806"}],"version-history":[{"count":0,"href":"https:\/\/www.newsrecorder.ro\/app\/wp-json\/wp\/v2\/posts\/4806\/revisions"}],"wp:featuredmedia":[{"embeddable":true,"href":"https:\/\/www.newsrecorder.ro\/app\/wp-json\/wp\/v2\/media\/4807"}],"wp:attachment":[{"href":"https:\/\/www.newsrecorder.ro\/app\/wp-json\/wp\/v2\/media?parent=4806"}],"wp:term":[{"taxonomy":"category","embeddable":true,"href":"https:\/\/www.newsrecorder.ro\/app\/wp-json\/wp\/v2\/categories?post=4806"},{"taxonomy":"post_tag","embeddable":true,"href":"https:\/\/www.newsrecorder.ro\/app\/wp-json\/wp\/v2\/tags?post=4806"}],"curies":[{"name":"wp","href":"https:\/\/api.w.org\/{rel}","templated":true}]}}