{"id":4810,"date":"2026-02-23T21:43:41","date_gmt":"2026-02-23T21:43:41","guid":{"rendered":"https:\/\/www.newsrecorder.ro\/app\/2026\/02\/23\/explozie-devastatoare-in-sudul-ucrainei-sapte-politisti-raniti\/"},"modified":"2026-02-23T21:43:41","modified_gmt":"2026-02-23T21:43:41","slug":"explozie-devastatoare-in-sudul-ucrainei-sapte-politisti-raniti","status":"publish","type":"post","link":"https:\/\/www.newsrecorder.ro\/app\/2026\/02\/23\/explozie-devastatoare-in-sudul-ucrainei-sapte-politisti-raniti\/","title":{"rendered":"Explozie devastatoare \u00een sudul Ucrainei: \u0219apte poli\u021bi\u0219ti r\u0103ni\u021bi!"},"content":{"rendered":"<p>Autorit\u0103\u021bile ucrainene au f\u0103cut un anun\u021b important la doar dou\u0103 zile dup\u0103 tragedia \u00een care o poli\u021bist\u0103 a decedat \u00een urma unui incident similar \u00een Liov (nord-vest), pe care Kievul l-a catalogat drept un \u201eatac terorist\u201d, conform informa\u021biilor furnizate de AFP.<\/p>\n<p>Pe re\u021belele de socializare, \u0219eful poli\u021biei na\u021bionale din Ucraina, Ivan Viguivski, a precizat c\u0103 explozia de luni a avut loc la ora local\u0103 18:10, \u00eentr-o \u201esta\u021bie de benzin\u0103 scoas\u0103 din uz\u201d situat\u0103 \u00een Mikolaiv. Aceasta era un loc unde agen\u021bii for\u021belor de ordine \u00ee\u0219i parcau vehiculele.<\/p>\n<p>Din p\u0103cate, dintre cei \u0219apte poli\u021bi\u0219ti r\u0103ni\u021bi \u00een urma exploziei, doi se afl\u0103 \u00een \u201estare grav\u0103\u201d, iar \u201emedicii lupt\u0103 pentru a le salva via\u021ba\u201d, a ad\u0103ugat Viguivski.<\/p>\n<p>F\u0103r\u0103 a oferi detalii suplimentare despre cauza exploziei, \u0219eful poli\u021biei a condamnat ceea ce a numit un \u201eatac \u021bintit\u201d din partea \u201einamicului\u201d, men\u021bion\u00e2nd c\u0103 scopul acestuia este de a \u201eucide poli\u021bi\u0219ti ucraineni\u201d \u0219i de a \u201edestabiliza \u021bara\u201d \u00een contextul conflictului cu Rusia.<\/p>\n<p>\u201eAlalt\u0103ieri, a avut loc un atac terorist \u00eempotriva poli\u021bi\u0219tilor la Lviv. Nu este o coinciden\u021b\u0103\u201d, a subliniat el, eviden\u021biind gravitatea situa\u021biei cu care se confrunt\u0103 for\u021bele de ordine din Ucraina.<\/p>\n","protected":false},"excerpt":{"rendered":"<p>Autorit\u0103\u021bile ucrainene au f\u0103cut un anun\u021b important la doar dou\u0103 zile dup\u0103 tragedia \u00een care o poli\u021bist\u0103 a decedat \u00een urma unui incident similar \u00een Liov (nord-vest), pe care Kievul l-a catalogat drept un \u201eatac terorist\u201d, conform informa\u021biilor furnizate de AFP. Pe re\u021belele de socializare, \u0219eful poli\u021biei na\u021bionale din Ucraina, Ivan Viguivski, a precizat c\u0103 [&hellip;]<\/p>\n","protected":false},"author":2,"featured_media":4811,"comment_status":"open","ping_status":"open","sticky":false,"template":"","format":"standard","meta":{"jnews-multi-image_gallery":[],"jnews_single_post":[],"jnews_primary_category":[],"jnews_override_counter":[],"footnotes":""},"categories":[41],"tags":[7360,2188,7357,7358,7359,505,1306,682],"class_list":["post-4810","post","type-post","status-publish","format-standard","has-post-thumbnail","hentry","category-externe","tag-agenti","tag-atac-terorist","tag-explozie","tag-liov","tag-mikolaiv","tag-politie","tag-raniti","tag-ucraina"],"_links":{"self":[{"href":"https:\/\/www.newsrecorder.ro\/app\/wp-json\/wp\/v2\/posts\/4810","targetHints":{"allow":["GET"]}}],"collection":[{"href":"https:\/\/www.newsrecorder.ro\/app\/wp-json\/wp\/v2\/posts"}],"about":[{"href":"https:\/\/www.newsrecorder.ro\/app\/wp-json\/wp\/v2\/types\/post"}],"author":[{"embeddable":true,"href":"https:\/\/www.newsrecorder.ro\/app\/wp-json\/wp\/v2\/users\/2"}],"replies":[{"embeddable":true,"href":"https:\/\/www.newsrecorder.ro\/app\/wp-json\/wp\/v2\/comments?post=4810"}],"version-history":[{"count":0,"href":"https:\/\/www.newsrecorder.ro\/app\/wp-json\/wp\/v2\/posts\/4810\/revisions"}],"wp:featuredmedia":[{"embeddable":true,"href":"https:\/\/www.newsrecorder.ro\/app\/wp-json\/wp\/v2\/media\/4811"}],"wp:attachment":[{"href":"https:\/\/www.newsrecorder.ro\/app\/wp-json\/wp\/v2\/media?parent=4810"}],"wp:term":[{"taxonomy":"category","embeddable":true,"href":"https:\/\/www.newsrecorder.ro\/app\/wp-json\/wp\/v2\/categories?post=4810"},{"taxonomy":"post_tag","embeddable":true,"href":"https:\/\/www.newsrecorder.ro\/app\/wp-json\/wp\/v2\/tags?post=4810"}],"curies":[{"name":"wp","href":"https:\/\/api.w.org\/{rel}","templated":true}]}}