{"id":4854,"date":"2026-02-24T02:38:27","date_gmt":"2026-02-24T02:38:27","guid":{"rendered":"https:\/\/www.newsrecorder.ro\/app\/2026\/02\/24\/romania-pe-locul-5-la-campionatul-european-u17-de-scrima\/"},"modified":"2026-02-24T02:38:27","modified_gmt":"2026-02-24T02:38:27","slug":"romania-pe-locul-5-la-campionatul-european-u17-de-scrima","status":"publish","type":"post","link":"https:\/\/www.newsrecorder.ro\/app\/2026\/02\/24\/romania-pe-locul-5-la-campionatul-european-u17-de-scrima\/","title":{"rendered":"Rom\u00e2nia, pe locul 5 la Campionatul European U17 de Scrim\u0103!"},"content":{"rendered":"<p>Echipa masculin\u0103 de sabie a Rom\u00e2niei, format\u0103 din sportivii Matei Radu, Mihnea Velicu, Vlad Crica \u0219i \u0218tefan Tomac, a reu\u0219it o victorie important\u0103 \u00een optimile de final\u0103, \u00eenving\u00e2nd Germania cu un scor de 45-32. \u00cen sferturile de final\u0103, tricolorii au \u00eent\u00e2mpinat dificult\u0103\u021bi, ced\u00e2nd \u00een fa\u021ba Italiei cu 23-45. Cu toate acestea, Rom\u00e2nia a continuat competi\u021bia \u00een c\u0103utarea locurilor 5-8.<\/p>\n<p>\u00cen aceast\u0103 faz\u0103, echipa Rom\u00e2niei a ob\u021binut dou\u0103 victorii: prima \u00eempotriva Elve\u021biei, cu 45-36, \u0219i a doua contra Turciei, cu 45-38, finaliz\u00e2nd competi\u021bia pe locul 5.<\/p>\n<p>\u00cen ceea ce prive\u0219te medaliile, Italia a reu\u0219it s\u0103 \u00ee\u0219i adjudece medalia de aur, dup\u0103 o final\u0103 str\u00e2ns\u0103 cu Bulgaria, \u00eencheiat\u0103 cu 45-38. Medalia de bronz a fost c\u00e2\u0219tigat\u0103 de Grecia.<\/p>\n<p>\u00cen aceea\u0219i zi de luni, Rom\u00e2nia a fost reprezentat\u0103 \u0219i \u00een competi\u021biile pe echipe de la spad\u0103 feminin \u0219i floret\u0103 masculin.<\/p>\n<p>\u00cen proba de spad\u0103 feminin, echipa Rom\u00e2niei, format\u0103 din Andrada Predoi, Alina Alexandrescu, Johanna Kurtinecz \u0219i Elena Gu\u0219atu, a debutat cu o victorie conving\u0103toare \u00een fa\u021ba Lituaniei, scor 45-35. Din p\u0103cate, \u00een optimile de final\u0103, rom\u00e2ncele au fost \u00eenvinse de Italia, cu 22-45. Cu toate acestea, au continuat lupta pentru locurile 9-16, unde au pierdut la un singur punct \u00een fa\u021ba Suediei, cu 37-38. Totu\u0219i, echipa a reu\u0219it s\u0103 ob\u021bin\u0103 victorii \u00eempotriva Estoniei (40-38) \u0219i Belgiei (45-32), \u00eencheind competi\u021bia pe locul 13.<\/p>\n<p>\u00cen proba de floret\u0103 masculin pe echipe, Rom\u00e2nia, alc\u0103tuit\u0103 din Alan Fey, Robert Ghe\u021bu, Filip Efros \u0219i Rare\u0219 Popescu, a avut o presta\u021bie dificil\u0103, pierz\u00e2nd \u00een turul secund \u00een fa\u021ba Israelului cu 37-45. Continu\u00e2nd competi\u021bia pentru locurile 9-16, echipa a suferit \u00eenfr\u00e2ngeri consecutive \u00een fa\u021ba Georgiei (44-45), \u021a\u0103rilor de Jos (39-45) \u0219i Suediei (43-45), \u00eencheind astfel turneul pe locul 16.<\/p>\n","protected":false},"excerpt":{"rendered":"<p>Echipa masculin\u0103 de sabie a Rom\u00e2niei, format\u0103 din sportivii Matei Radu, Mihnea Velicu, Vlad Crica \u0219i \u0218tefan Tomac, a reu\u0219it o victorie important\u0103 \u00een optimile de final\u0103, \u00eenving\u00e2nd Germania cu un scor de 45-32. \u00cen sferturile de final\u0103, tricolorii au \u00eent\u00e2mpinat dificult\u0103\u021bi, ced\u00e2nd \u00een fa\u021ba Italiei cu 23-45. Cu toate acestea, Rom\u00e2nia a continuat competi\u021bia [&hellip;]<\/p>\n","protected":false},"author":6,"featured_media":4855,"comment_status":"open","ping_status":"open","sticky":false,"template":"","format":"standard","meta":{"jnews-multi-image_gallery":[],"jnews_single_post":[],"jnews_primary_category":[],"jnews_override_counter":[],"footnotes":""},"categories":[46],"tags":[56,82,95,149,7423,850,64],"class_list":["post-4854","post","type-post","status-publish","format-standard","has-post-thumbnail","hentry","category-sport","tag-competitie","tag-echipa","tag-medalii","tag-romania","tag-sabre","tag-sport","tag-victorie"],"_links":{"self":[{"href":"https:\/\/www.newsrecorder.ro\/app\/wp-json\/wp\/v2\/posts\/4854","targetHints":{"allow":["GET"]}}],"collection":[{"href":"https:\/\/www.newsrecorder.ro\/app\/wp-json\/wp\/v2\/posts"}],"about":[{"href":"https:\/\/www.newsrecorder.ro\/app\/wp-json\/wp\/v2\/types\/post"}],"author":[{"embeddable":true,"href":"https:\/\/www.newsrecorder.ro\/app\/wp-json\/wp\/v2\/users\/6"}],"replies":[{"embeddable":true,"href":"https:\/\/www.newsrecorder.ro\/app\/wp-json\/wp\/v2\/comments?post=4854"}],"version-history":[{"count":0,"href":"https:\/\/www.newsrecorder.ro\/app\/wp-json\/wp\/v2\/posts\/4854\/revisions"}],"wp:featuredmedia":[{"embeddable":true,"href":"https:\/\/www.newsrecorder.ro\/app\/wp-json\/wp\/v2\/media\/4855"}],"wp:attachment":[{"href":"https:\/\/www.newsrecorder.ro\/app\/wp-json\/wp\/v2\/media?parent=4854"}],"wp:term":[{"taxonomy":"category","embeddable":true,"href":"https:\/\/www.newsrecorder.ro\/app\/wp-json\/wp\/v2\/categories?post=4854"},{"taxonomy":"post_tag","embeddable":true,"href":"https:\/\/www.newsrecorder.ro\/app\/wp-json\/wp\/v2\/tags?post=4854"}],"curies":[{"name":"wp","href":"https:\/\/api.w.org\/{rel}","templated":true}]}}