{"id":4870,"date":"2026-02-24T09:33:14","date_gmt":"2026-02-24T09:33:14","guid":{"rendered":"https:\/\/www.newsrecorder.ro\/app\/2026\/02\/24\/ilie-bolojan-rezistenta-ucrainei-cheia-securitatii-europei\/"},"modified":"2026-02-24T09:33:14","modified_gmt":"2026-02-24T09:33:14","slug":"ilie-bolojan-rezistenta-ucrainei-cheia-securitatii-europei","status":"publish","type":"post","link":"https:\/\/www.newsrecorder.ro\/app\/2026\/02\/24\/ilie-bolojan-rezistenta-ucrainei-cheia-securitatii-europei\/","title":{"rendered":"Ilie Bolojan: Rezisten\u021ba Ucrainei, cheia securit\u0103\u021bii Europei!"},"content":{"rendered":"<p>Prim-Ministrul Ilie Bolojan a condamnat cu fermitate ac\u021biunile Rusiei, descriind conflictul actual ca fiind \u201ebrutal \u0219i neprovocat\u201d. Aceast\u0103 declara\u021bie reflect\u0103 pozi\u021bia clar\u0103 a Rom\u00e2niei \u00een fa\u021ba agresiunii ruse\u0219ti.<\/p>\n<p>\u00cen mesajul s\u0103u publicat pe re\u021belele de socializare, \u0219eful Guvernului a reafirmat angajamentul Rom\u00e2niei de a sus\u021bine Ucraina. \u201eGuvernul Rom\u00e2niei \u00ee\u0219i exprim\u0103 sprijinul \u0219i solidaritatea fa\u021b\u0103 de poporul ucrainean \u00een lupta sa pentru libertate, suveranitate \u0219i pace\u201d, a subliniat Bolojan, eviden\u021biind astfel leg\u0103tura str\u00e2ns\u0103 dintre cele dou\u0103 na\u021biuni \u00een aceste vremuri dificile.<\/p>\n<p>\u00cen final, liderul Executivului a accentuat rolul crucial al Ucrainei \u00een asigurarea securit\u0103\u021bii europene. \u201eRezisten\u021ba Ucrainei este esen\u021bial\u0103 pentru securitatea \u00eentregii Europe\u201d, a declarat Bolojan, subliniind importan\u021ba stabilit\u0103\u021bii regionale \u00een fa\u021ba provoc\u0103rilor actuale.<\/p>\n<p>De asemenea, Guvernul Rom\u00e2niei a anun\u021bat c\u0103 Palatul Victoria va fi iluminat \u00een aceast\u0103 sear\u0103 \u00een culorile steagului ucrainean. Acest gest simbolic este menit s\u0103 exprime solidaritatea cu cet\u0103\u021benii ucraineni \u0219i s\u0103 marcheze patru ani de la \u00eenceputul invaziei pe scar\u0103 larg\u0103 a Ucrainei, simboliz\u00e2nd astfel angajamentul continuu al Rom\u00e2niei fa\u021b\u0103 de sus\u021binerea Ucrainei \u00een fa\u021ba agresiunii.<\/p>\n","protected":false},"excerpt":{"rendered":"<p>Prim-Ministrul Ilie Bolojan a condamnat cu fermitate ac\u021biunile Rusiei, descriind conflictul actual ca fiind \u201ebrutal \u0219i neprovocat\u201d. Aceast\u0103 declara\u021bie reflect\u0103 pozi\u021bia clar\u0103 a Rom\u00e2niei \u00een fa\u021ba agresiunii ruse\u0219ti. \u00cen mesajul s\u0103u publicat pe re\u021belele de socializare, \u0219eful Guvernului a reafirmat angajamentul Rom\u00e2niei de a sus\u021bine Ucraina. \u201eGuvernul Rom\u00e2niei \u00ee\u0219i exprim\u0103 sprijinul \u0219i solidaritatea fa\u021b\u0103 de [&hellip;]<\/p>\n","protected":false},"author":2,"featured_media":4871,"comment_status":"open","ping_status":"open","sticky":false,"template":"","format":"standard","meta":{"jnews-multi-image_gallery":[],"jnews_single_post":[],"jnews_primary_category":[],"jnews_override_counter":[],"footnotes":""},"categories":[42],"tags":[1348,2994,302,149,681,7447,1482,682],"class_list":["post-4870","post","type-post","status-publish","format-standard","has-post-thumbnail","hentry","category-politica","tag-agresiune","tag-conflicte","tag-ilie-bolojan","tag-romania","tag-rusia","tag-securitate-europeana","tag-solidaritate","tag-ucraina"],"_links":{"self":[{"href":"https:\/\/www.newsrecorder.ro\/app\/wp-json\/wp\/v2\/posts\/4870","targetHints":{"allow":["GET"]}}],"collection":[{"href":"https:\/\/www.newsrecorder.ro\/app\/wp-json\/wp\/v2\/posts"}],"about":[{"href":"https:\/\/www.newsrecorder.ro\/app\/wp-json\/wp\/v2\/types\/post"}],"author":[{"embeddable":true,"href":"https:\/\/www.newsrecorder.ro\/app\/wp-json\/wp\/v2\/users\/2"}],"replies":[{"embeddable":true,"href":"https:\/\/www.newsrecorder.ro\/app\/wp-json\/wp\/v2\/comments?post=4870"}],"version-history":[{"count":0,"href":"https:\/\/www.newsrecorder.ro\/app\/wp-json\/wp\/v2\/posts\/4870\/revisions"}],"wp:featuredmedia":[{"embeddable":true,"href":"https:\/\/www.newsrecorder.ro\/app\/wp-json\/wp\/v2\/media\/4871"}],"wp:attachment":[{"href":"https:\/\/www.newsrecorder.ro\/app\/wp-json\/wp\/v2\/media?parent=4870"}],"wp:term":[{"taxonomy":"category","embeddable":true,"href":"https:\/\/www.newsrecorder.ro\/app\/wp-json\/wp\/v2\/categories?post=4870"},{"taxonomy":"post_tag","embeddable":true,"href":"https:\/\/www.newsrecorder.ro\/app\/wp-json\/wp\/v2\/tags?post=4870"}],"curies":[{"name":"wp","href":"https:\/\/api.w.org\/{rel}","templated":true}]}}