{"id":4872,"date":"2026-02-24T09:33:30","date_gmt":"2026-02-24T09:33:30","guid":{"rendered":"https:\/\/www.newsrecorder.ro\/app\/2026\/02\/24\/cgmb-convoaca-o-sedinta-speciala-pentru-aprobarea-pretului-la-energia-termica\/"},"modified":"2026-02-24T09:33:30","modified_gmt":"2026-02-24T09:33:30","slug":"cgmb-convoaca-o-sedinta-speciala-pentru-aprobarea-pretului-la-energia-termica","status":"publish","type":"post","link":"https:\/\/www.newsrecorder.ro\/app\/2026\/02\/24\/cgmb-convoaca-o-sedinta-speciala-pentru-aprobarea-pretului-la-energia-termica\/","title":{"rendered":"CGMB convoac\u0103 o \u0219edin\u021b\u0103 special\u0103 pentru aprobarea pre\u021bului la energia termic\u0103!"},"content":{"rendered":"<p>Consiliul General al Municipiului Bucure\u015fti va organiza o \u015fedin\u0163\u0103 extraordinar\u0103 mar\u021bi, \u00eencep\u00e2nd cu ora 11:00. Evenimentul va avea loc conform programului stabilit, iar detaliile sunt disponibile pe <a style=\"color: #0000ff\" href=\"https:\/\/www3.pmb.ro\/wwwt\/institutii\/CGMB\/sedinte\/ordinea_de_zi\/570\" target=\"_blank\" rel=\"noopener\">site-ul PMB<\/a>.<\/p>\n<p>Ordinea de zi a \u015fedin\u0163ei cuprinde dou\u0103 proiecte importante. Primul dintre acestea se concentreaz\u0103 pe modificarea \u015fi completarea Hot\u0103r\u00e2rii Consiliului General al Municipiului Bucure\u015fti nr. 13\/31.01.2023, care reglementeaz\u0103 pre\u0163ul local de facturare pentru energia termic\u0103 furnizat\u0103 popula\u0163iei de c\u0103tre Compania Municipal\u0103 Termoenergetica Bucure\u015fti S.A. O noutate esen\u0163ial\u0103 este exprimarea energiei termice facturate \u00een megawatt-or\u0103 (MWh).<\/p>\n<p>Cel de-al doilea proiect propune modific\u0103ri la Hot\u0103r\u00e2rea Consiliului General al Municipiului Bucure\u015fti nr. 148\/11.04.2017, care se refer\u0103 la transferul administr\u0103rii unor str\u0103zi din subordinea Consiliului General al Municipiului Bucure\u015fti \u2013 Administra\u0163ia Str\u0103zilor c\u0103tre Consiliul Local al Sectorului 4.<\/p>\n<p>Conform primului proiect, energia termic\u0103 va fi furnizat\u0103 popula\u0163iei \u00een conformitate cu parametrii contractuali conveni\u0163i, conform unei diagrame de furnizare actualizate. De asemenea, se stipuleaz\u0103 c\u0103, \u00een termen de 90 de zile de la intrarea \u00een vigoare a hot\u0103r\u00e2rii, Compania Municipal\u0103 Termoenergetica Bucure\u015fti S.A. va fi obligat\u0103 s\u0103 actualizeze aceast\u0103 diagram\u0103 pentru furnizarea energiei termice c\u0103tre cet\u0103\u0163eni \u015fi asocia\u0163iile de proprietari.<\/p>\n<p>Proiectul mai prevede c\u0103, \u00een cazul \u00een care energia termic\u0103 nu este livrat\u0103 la temperatura convenit\u0103 prin contract, popula\u0163ia va avea dreptul la o reducere a pre\u0163ului conform formulei de calcul stabilite prin regulament.<\/p>\n<p>\u00cen data de 10 februarie, <a style=\"color: #0000ff\" href=\"https:\/\/www.mediafax.ro\/social\/termoenergetica-e-deja-pus-in-aplicare-un-mecanism-de-ajustare-a-facturii-in-situatiile-in-care-parametrii-de-furnizare-nu-sunt-respectati-23684504\">Termoenergetica<\/a> a anun\u0163at c\u0103 a implementat deja un mecanism de ajustare a facturii \u00een situa\u0163iile \u00een care parametrii de livrare nu sunt respecta\u0163i. Reprezentan\u0163ii companiei au subliniat c\u0103 exist\u0103 obliga\u0163ii specifice pentru livrarea agentului termic, iar \u00een cazul ne\u00eendeplinirii acestor obliga\u0163ii, factura va fi diminuat\u0103. Metodologia prin care se stabilesc aceste reduceri este reglementat\u0103 de Ordinul 91\/2007, aprobat de ANRSC.<\/p>\n","protected":false},"excerpt":{"rendered":"<p>Consiliul General al Municipiului Bucure\u015fti va organiza o \u015fedin\u0163\u0103 extraordinar\u0103 mar\u021bi, \u00eencep\u00e2nd cu ora 11:00. Evenimentul va avea loc conform programului stabilit, iar detaliile sunt disponibile pe site-ul PMB. Ordinea de zi a \u015fedin\u0163ei cuprinde dou\u0103 proiecte importante. Primul dintre acestea se concentreaz\u0103 pe modificarea \u015fi completarea Hot\u0103r\u00e2rii Consiliului General al Municipiului Bucure\u015fti nr. 13\/31.01.2023, [&hellip;]<\/p>\n","protected":false},"author":2,"featured_media":4873,"comment_status":"open","ping_status":"open","sticky":false,"template":"","format":"standard","meta":{"jnews-multi-image_gallery":[],"jnews_single_post":[],"jnews_primary_category":[],"jnews_override_counter":[],"footnotes":""},"categories":[42],"tags":[7453,362,7450,1059,7449,7452,7451,7448],"class_list":["post-4872","post","type-post","status-publish","format-standard","has-post-thumbnail","hentry","category-politica","tag-administrare-strazi","tag-bucuresti","tag-compania-municipala","tag-consiliul-general","tag-energie-termica","tag-megawatt-ora","tag-modificari","tag-sedinta-extraordinara"],"_links":{"self":[{"href":"https:\/\/www.newsrecorder.ro\/app\/wp-json\/wp\/v2\/posts\/4872","targetHints":{"allow":["GET"]}}],"collection":[{"href":"https:\/\/www.newsrecorder.ro\/app\/wp-json\/wp\/v2\/posts"}],"about":[{"href":"https:\/\/www.newsrecorder.ro\/app\/wp-json\/wp\/v2\/types\/post"}],"author":[{"embeddable":true,"href":"https:\/\/www.newsrecorder.ro\/app\/wp-json\/wp\/v2\/users\/2"}],"replies":[{"embeddable":true,"href":"https:\/\/www.newsrecorder.ro\/app\/wp-json\/wp\/v2\/comments?post=4872"}],"version-history":[{"count":0,"href":"https:\/\/www.newsrecorder.ro\/app\/wp-json\/wp\/v2\/posts\/4872\/revisions"}],"wp:featuredmedia":[{"embeddable":true,"href":"https:\/\/www.newsrecorder.ro\/app\/wp-json\/wp\/v2\/media\/4873"}],"wp:attachment":[{"href":"https:\/\/www.newsrecorder.ro\/app\/wp-json\/wp\/v2\/media?parent=4872"}],"wp:term":[{"taxonomy":"category","embeddable":true,"href":"https:\/\/www.newsrecorder.ro\/app\/wp-json\/wp\/v2\/categories?post=4872"},{"taxonomy":"post_tag","embeddable":true,"href":"https:\/\/www.newsrecorder.ro\/app\/wp-json\/wp\/v2\/tags?post=4872"}],"curies":[{"name":"wp","href":"https:\/\/api.w.org\/{rel}","templated":true}]}}