{"id":4888,"date":"2026-02-24T09:36:13","date_gmt":"2026-02-24T09:36:13","guid":{"rendered":"https:\/\/www.newsrecorder.ro\/app\/2026\/02\/24\/patru-ani-de-la-razboiul-de-3-zile-al-lui-putin-o-retrospectiva-captivanta\/"},"modified":"2026-02-24T09:36:13","modified_gmt":"2026-02-24T09:36:13","slug":"patru-ani-de-la-razboiul-de-3-zile-al-lui-putin-o-retrospectiva-captivanta","status":"publish","type":"post","link":"https:\/\/www.newsrecorder.ro\/app\/2026\/02\/24\/patru-ani-de-la-razboiul-de-3-zile-al-lui-putin-o-retrospectiva-captivanta\/","title":{"rendered":"Patru ani de la \u201er\u0103zboiul de 3 zile\u201d al lui Putin: o retrospectiv\u0103 captivant\u0103"},"content":{"rendered":"<p>Pre\u0219edintele Ucrainei, Volodimir Zelenski, a subliniat c\u0103 \u021bara sa nu va \u201etr\u0103da\u201d sacrificiile f\u0103cute \u00een c\u0103utarea unei p\u0103ci rapide, afirm\u00e2nd c\u0103 Vladimir Putin \u201enu \u0219i-a \u00eendeplinit obiectivele\u201d. Zelenski l-a invitat pe pre\u0219edintele american Donald Trump s\u0103 viziteze Ucraina pentru a \u00een\u021belege mai bine realitatea conflictului.<\/p>\n<p>Cu ocazia marc\u0103rii a patru ani de la \u00eenceputul r\u0103zboiului, tensiunile \u00eentre alia\u021bii Ucrainei se amplific\u0103. Conform Reuters, speran\u021bele europene de a introduce un nou pachet de sanc\u021biuni \u0219i de a aproba un \u00eemprumut de 90 de miliarde de euro pentru Kiev au fost din nou blocate de veto-ul Ungariei. Budapesta \u0219i Bratislava acuz\u0103 Ucraina c\u0103 ar fi afectat inten\u021bionat tranzitul de petrol rusesc prin conducta Drujba, acuza\u021bie pe care Kievul o respinge, invoc\u00e2nd pagube cauzate de un atac rusesc.<\/p>\n<p>Pe frontul militar, conflictul a evoluat \u00eentr-o confruntare de atri\u021bie, marcate de utilizarea dronelor \u0219i a loviturilor la distan\u021b\u0103. AP raportaz\u0103 c\u0103 armata rus\u0103, care este mai numeroas\u0103 \u0219i mai bine echipat\u0103, a ob\u021binut \u00een ultimul an doar c\u00e2teva c\u00e2\u0219tiguri teritoriale minore, estim\u00e2ndu-se c\u0103 a reu\u0219it s\u0103 controleze doar \u201e0,79%\u201d din teritoriul Ucrainei, conform Institutului pentru Studiul R\u0103zboiului (ISW). Cu c\u00e2teva zile \u00eenainte de aceast\u0103 aniversare, Ucraina a anun\u021bat o reu\u0219it\u0103 tactic\u0103 rar\u0103, recucerind aproximativ 400 km\u00b2 \u0219i opt localit\u0103\u021bi \u00een sectorul sudic al frontului din regiunea Dnipropetrovsk, de\u0219i linia exact\u0103 de control r\u0103m\u00e2ne neclar\u0103 \u00een multe zone.<\/p>\n<p>Impactul umanitar r\u0103m\u00e2ne devastator. Sute de mii de militari de ambele p\u0103r\u021bi au fost uci\u0219i sau r\u0103ni\u021bi, iar zeci de mii de civili ucraineni au murit \u00een urma bombardamentelor repetate cu rachete \u0219i drone. ONU estimeaz\u0103 c\u0103 mai mult de 10 milioane de persoane au nevoie de asisten\u021b\u0103, iar peste 10 milioane sunt str\u0103mutate, dintre care 3,7 milioane \u00een interiorul \u021b\u0103rii \u0219i aproape 6 milioane \u00een afara ei. Atacurile asupra infrastructurii energetice continu\u0103 s\u0103 lase multe comunit\u0103\u021bi f\u0103r\u0103 c\u0103ldur\u0103 \u0219i ap\u0103.<\/p>\n<p>Recent, peste o duzin\u0103 de oficiali europeni de rang \u00eenalt au sosit \u00een capital\u0103, inclusiv pre\u0219edinta Comisiei Europene, Ursula von der Leyen, \u0219i pre\u0219edintele Consiliului European, Antonio Costa, al\u0103turi de mai mul\u021bi premieri \u0219i mini\u0219tri, ca semn de sus\u021binere pentru Ucraina. \u00centre timp, eforturile diplomatice conduse de SUA nu par s\u0103 se apropie de un compromis, disputa teritorial\u0103 r\u0103m\u00e2n\u00e2nd central\u0103: Moscova insist\u0103 asupra ced\u0103rii de teritorii, inclusiv a p\u0103r\u021bii r\u0103mase din regiunea Done\u021bk, \u00een timp ce Kievul refuz\u0103 s\u0103 renun\u021be la orice teritoriu.<\/p>\n<p>Din punct de vedere economic, costurile r\u0103zboiului continu\u0103 s\u0103 creasc\u0103, reconstruc\u021bia Ucrainei fiind estimat\u0103 la aproape 588 de miliarde de dolari \u00een urm\u0103torul deceniu, conform unei evalu\u0103ri realizate de Banca Mondial\u0103, Comisia European\u0103, ONU \u0219i guvernul ucrainean.<\/p>\n<p>La patru ani de la declan\u0219area acestui conflict ini\u021bial prev\u0103zut ca un \u201er\u0103zboi de trei zile\u201d, situa\u021bia a devenit un veritabil test de rezisten\u021b\u0103 pentru Ucraina \u0219i pentru \u00eentreaga arhitectur\u0103 de securitate european\u0103.<\/p>\n","protected":false},"excerpt":{"rendered":"<p>Pre\u0219edintele Ucrainei, Volodimir Zelenski, a subliniat c\u0103 \u021bara sa nu va \u201etr\u0103da\u201d sacrificiile f\u0103cute \u00een c\u0103utarea unei p\u0103ci rapide, afirm\u00e2nd c\u0103 Vladimir Putin \u201enu \u0219i-a \u00eendeplinit obiectivele\u201d. Zelenski l-a invitat pe pre\u0219edintele american Donald Trump s\u0103 viziteze Ucraina pentru a \u00een\u021belege mai bine realitatea conflictului. Cu ocazia marc\u0103rii a patru ani de la \u00eenceputul r\u0103zboiului, [&hellip;]<\/p>\n","protected":false},"author":2,"featured_media":4889,"comment_status":"open","ping_status":"open","sticky":false,"template":"","format":"standard","meta":{"jnews-multi-image_gallery":[],"jnews_single_post":[],"jnews_primary_category":[],"jnews_override_counter":[],"footnotes":""},"categories":[41],"tags":[684,3776,915,681,86,1735,682,1030],"class_list":["post-4888","post","type-post","status-publish","format-standard","has-post-thumbnail","hentry","category-externe","tag-conflict","tag-drona","tag-razboi","tag-rusia","tag-sanctiuni","tag-trump","tag-ucraina","tag-zelenski"],"_links":{"self":[{"href":"https:\/\/www.newsrecorder.ro\/app\/wp-json\/wp\/v2\/posts\/4888","targetHints":{"allow":["GET"]}}],"collection":[{"href":"https:\/\/www.newsrecorder.ro\/app\/wp-json\/wp\/v2\/posts"}],"about":[{"href":"https:\/\/www.newsrecorder.ro\/app\/wp-json\/wp\/v2\/types\/post"}],"author":[{"embeddable":true,"href":"https:\/\/www.newsrecorder.ro\/app\/wp-json\/wp\/v2\/users\/2"}],"replies":[{"embeddable":true,"href":"https:\/\/www.newsrecorder.ro\/app\/wp-json\/wp\/v2\/comments?post=4888"}],"version-history":[{"count":0,"href":"https:\/\/www.newsrecorder.ro\/app\/wp-json\/wp\/v2\/posts\/4888\/revisions"}],"wp:featuredmedia":[{"embeddable":true,"href":"https:\/\/www.newsrecorder.ro\/app\/wp-json\/wp\/v2\/media\/4889"}],"wp:attachment":[{"href":"https:\/\/www.newsrecorder.ro\/app\/wp-json\/wp\/v2\/media?parent=4888"}],"wp:term":[{"taxonomy":"category","embeddable":true,"href":"https:\/\/www.newsrecorder.ro\/app\/wp-json\/wp\/v2\/categories?post=4888"},{"taxonomy":"post_tag","embeddable":true,"href":"https:\/\/www.newsrecorder.ro\/app\/wp-json\/wp\/v2\/tags?post=4888"}],"curies":[{"name":"wp","href":"https:\/\/api.w.org\/{rel}","templated":true}]}}