{"id":4920,"date":"2026-02-24T10:09:36","date_gmt":"2026-02-24T10:09:36","guid":{"rendered":"https:\/\/www.newsrecorder.ro\/app\/2026\/02\/24\/controverse-la-centrele-auchan-legaturi-cu-apropiati-ai-lui-orban\/"},"modified":"2026-02-24T10:09:36","modified_gmt":"2026-02-24T10:09:36","slug":"controverse-la-centrele-auchan-legaturi-cu-apropiati-ai-lui-orban","status":"publish","type":"post","link":"https:\/\/www.newsrecorder.ro\/app\/2026\/02\/24\/controverse-la-centrele-auchan-legaturi-cu-apropiati-ai-lui-orban\/","title":{"rendered":"Controverse la centrele Auchan: Leg\u0103turi cu apropia\u021bi ai lui Orban!"},"content":{"rendered":"<p>Indotek \u00ee\u0219i \u00eendreapt\u0103 aten\u021bia c\u0103tre sectorul imobiliar al centrelor comerciale care includ magazinele ATAC, un concept de hiperdiscount introdus de Auchan \u00een Rom\u00e2nia \u00een prim\u0103vara anului 2024. Acest format a fost ini\u021bial implementat \u00een Bra\u0219ov, urmat de localit\u0103\u021bile Ploie\u0219ti \u0219i Timi\u0219oara, iar ulterior s-a extins \u00een ora\u0219ele T\u00e2rgu-Mure\u0219, Gala\u021bi, Satu Mare, Sibiu, Bucure\u0219ti \u0219i Oradea, ating\u00e2nd un total de nou\u0103 unit\u0103\u021bi. Magazinele ATAC sunt rezultatul transform\u0103rii unor hipermarketuri Auchan \u00een unit\u0103\u021bi cu pre\u021buri competitive, oferind un sortiment de aproximativ 17.000 de produse, expuse eficient la palet \u0219i \u00een baxuri, av\u00e2nd costuri opera\u021bionale reduse, conform <a href=\"https:\/\/www.zf.ro\/companii\/retail-agrobusiness\/grupul-maghiar-investitii-imobiliare-indotek-controlat-miliardarul-23061885\">ZF<\/a>.<\/p>\n<p>O posibil\u0103 achizi\u021bie a activelor imobiliare asociate centrelor Auchan din Rom\u00e2nia ar \u00eent\u0103ri parteneriatul existent \u00eentre Indotek \u0219i brandul francez. La sf\u00e2r\u0219itul anului 2023, grupul condus de Jellinek a preluat 47% din opera\u021biunile Auchan din Ungaria, indic\u00e2nd c\u0103 va juca un rol activ \u00een deciziile strategice, inclusiv \u00een extinderea re\u021belei, cu un accent pe zonele rurale, beneficiind de sinergiile dintre retail \u0219i expertiza sa imobiliar\u0103. De asemenea, \u00een Spania, Indotek a achizi\u021bionat \u00een 2023 dou\u0103 centre comerciale \u00een Valencia \u0219i Barcelona de la Merlin Properties, pentru suma de 22 milioane de euro, iar \u00een 2024 a cump\u0103rat centrul comercial Espacio Le\u00f3n de la Blackstone pentru 50 milioane de euro. \u00cen mai 2025, grupul a cump\u0103rat trei centre comerciale \u00een Grecia, fiecare dintre acestea av\u00e2nd hipermarketuri Sklavenitis, totaliz\u00e2nd 67 de magazine.<\/p>\n<p>\u00cen Rom\u00e2nia, Indotek a intrat pe pia\u021b\u0103 \u00een 2019 odat\u0103 cu achizi\u021bia mall-ului Promenada din T\u00e2rgu Mure\u0219, o tranzac\u021bie evaluat\u0103 la 43 milioane de euro. Dup\u0103 aceast\u0103 achizi\u021bie, grupul a investit 16 milioane de euro \u00een renovarea \u0219i rebrandingul centrului, redenumit Plaza M. Acest complex dispune de 55.000 mp \u0219i g\u0103zduie\u0219te aproximativ 90 de magazine, av\u00e2nd o rat\u0103 de ocupare de circa 92%. Strategia grupului a fost axat\u0103 pe revitalizarea \u0219i extinderea cl\u0103dirilor existente, prefer\u00e2ndu-le dezvolt\u0103rilor noi.<\/p>\n<p>Expansiunea local\u0103 a continuat cu achizi\u021bia cl\u0103dirilor de birouri B\u0103neasa Business Center \u0219i Bucharest Business Center din Bucure\u0219ti, precum \u0219i a proiectului industrial Aiud Industrial Park din Alba. Reprezentan\u021bii grupului au afirmat anterior c\u0103 investi\u021biile imobiliare realizate \u00een Rom\u00e2nia au dep\u0103\u0219it suma de 150 milioane de euro.<\/p>\n<p>La nivel european, Indotek activeaz\u0103 \u00een 13 \u021b\u0103ri \u0219i de\u021bine un portofoliu vast \u00een Ungaria, incluz\u00e2nd peste 30 de cl\u0103diri de birouri, mai mult de 20 de mall-uri, hoteluri \u0219i aproximativ 100 de spa\u021bii de depozitare. D\u00e1niel Jellinek a intrat \u00een 2019 \u00een topul celor mai boga\u021bi unguri, cu o avere estimat\u0103 de Forbes la circa 300 milioane de euro, ulterior indicat\u0103 la peste 380 milioane de euro.<\/p>\n","protected":false},"excerpt":{"rendered":"<p>Indotek \u00ee\u0219i \u00eendreapt\u0103 aten\u021bia c\u0103tre sectorul imobiliar al centrelor comerciale care includ magazinele ATAC, un concept de hiperdiscount introdus de Auchan \u00een Rom\u00e2nia \u00een prim\u0103vara anului 2024. Acest format a fost ini\u021bial implementat \u00een Bra\u0219ov, urmat de localit\u0103\u021bile Ploie\u0219ti \u0219i Timi\u0219oara, iar ulterior s-a extins \u00een ora\u0219ele T\u00e2rgu-Mure\u0219, Gala\u021bi, Satu Mare, Sibiu, Bucure\u0219ti \u0219i Oradea, [&hellip;]<\/p>\n","protected":false},"author":4,"featured_media":4921,"comment_status":"open","ping_status":"open","sticky":false,"template":"","format":"standard","meta":{"jnews-multi-image_gallery":[],"jnews_single_post":[],"jnews_primary_category":[],"jnews_override_counter":[],"footnotes":""},"categories":[40],"tags":[7513,3679,7512,7510,7511,2898,149,4175],"class_list":["post-4920","post","type-post","status-publish","format-standard","has-post-thumbnail","hentry","category-econonie","tag-auchan","tag-expansiune","tag-hiperdiscount","tag-indotek","tag-magazine-atac","tag-parteneriat","tag-romania","tag-sector-imobiliar"],"_links":{"self":[{"href":"https:\/\/www.newsrecorder.ro\/app\/wp-json\/wp\/v2\/posts\/4920","targetHints":{"allow":["GET"]}}],"collection":[{"href":"https:\/\/www.newsrecorder.ro\/app\/wp-json\/wp\/v2\/posts"}],"about":[{"href":"https:\/\/www.newsrecorder.ro\/app\/wp-json\/wp\/v2\/types\/post"}],"author":[{"embeddable":true,"href":"https:\/\/www.newsrecorder.ro\/app\/wp-json\/wp\/v2\/users\/4"}],"replies":[{"embeddable":true,"href":"https:\/\/www.newsrecorder.ro\/app\/wp-json\/wp\/v2\/comments?post=4920"}],"version-history":[{"count":0,"href":"https:\/\/www.newsrecorder.ro\/app\/wp-json\/wp\/v2\/posts\/4920\/revisions"}],"wp:featuredmedia":[{"embeddable":true,"href":"https:\/\/www.newsrecorder.ro\/app\/wp-json\/wp\/v2\/media\/4921"}],"wp:attachment":[{"href":"https:\/\/www.newsrecorder.ro\/app\/wp-json\/wp\/v2\/media?parent=4920"}],"wp:term":[{"taxonomy":"category","embeddable":true,"href":"https:\/\/www.newsrecorder.ro\/app\/wp-json\/wp\/v2\/categories?post=4920"},{"taxonomy":"post_tag","embeddable":true,"href":"https:\/\/www.newsrecorder.ro\/app\/wp-json\/wp\/v2\/tags?post=4920"}],"curies":[{"name":"wp","href":"https:\/\/api.w.org\/{rel}","templated":true}]}}