{"id":4932,"date":"2026-02-24T10:11:36","date_gmt":"2026-02-24T10:11:36","guid":{"rendered":"https:\/\/www.newsrecorder.ro\/app\/2026\/02\/24\/nicusor-dan-pacea-in-ucraina-cheia-stabilitatii-pentru-europa\/"},"modified":"2026-02-24T10:11:36","modified_gmt":"2026-02-24T10:11:36","slug":"nicusor-dan-pacea-in-ucraina-cheia-stabilitatii-pentru-europa","status":"publish","type":"post","link":"https:\/\/www.newsrecorder.ro\/app\/2026\/02\/24\/nicusor-dan-pacea-in-ucraina-cheia-stabilitatii-pentru-europa\/","title":{"rendered":"Nicu\u0219or Dan: Pacea \u00een Ucraina, cheia stabilit\u0103\u021bii pentru Europa!"},"content":{"rendered":"<p>Acum patru ani, Europa a fost martor\u0103 la un eveniment devastator: Rusia a lansat un atac asupra Ucrainei, inaugur\u00e2nd un r\u0103zboi nemilos \u00eempotriva unei na\u021biuni hot\u0103r\u00e2te s\u0103 nu cedeze. Acest mesaj a fost transmis mar\u021bi de pre\u0219edintele Nicu\u0219or Dan pe platforma Facebook.<\/p>\n<p>\u00cen postarea sa, Nicu\u0219or Dan a subliniat c\u0103 Ucraina \u201elupt\u0103 pentru noi to\u021bi\u201d \u0219i joac\u0103 un rol esen\u021bial \u00een men\u021binerea securit\u0103\u021bii pe \u00eentreg continentul european. \u201eCu un curaj \u0219i o rezisten\u021b\u0103 admirabile, Ucraina lupt\u0103 pentru noi to\u021bi\u201d, a declarat pre\u0219edintele, reafirm\u00e2nd astfel importan\u021ba acestei lupte pentru \u00eentreaga Europ\u0103.<\/p>\n<p>De asemenea, pre\u0219edintele a reafirmat angajamentul ferm al Rom\u00e2niei de a sprijini Ucraina \u201eat\u00e2t timp c\u00e2t este necesar\u201d. El a subliniat c\u0103, \u00eempreun\u0103 cu celelalte state europene, Rom\u00e2nia va sus\u021bine negocierile menite s\u0103 duc\u0103 la \u00eencheierea conflictului, av\u00e2nd ca obiectiv o \u201epace just\u0103\u201d care s\u0103 includ\u0103 garan\u021bii de securitate ce s\u0103 previn\u0103 orice posibil nou conflict.<\/p>\n<p>\u201ePacea \u00een Ucraina \u00eenseamn\u0103 pace pentru Europa\u201d, a ad\u0103ugat Dan, subliniind c\u0103 oricine amenin\u021b\u0103 cet\u0103\u021benii rom\u00e2ni trebuie s\u0103 \u00een\u021beleag\u0103 c\u0103 puterea noastr\u0103 rezid\u0103 \u00een unitate. \u00cen acest context, el a eviden\u021biat c\u0103 Uniunea European\u0103 devine tot mai puternic\u0103 \u0219i solidar\u0103.<\/p>\n<p>Nicu\u0219or Dan a exprimat, de asemenea, un profund mesaj de recuno\u0219tin\u021b\u0103 fa\u021b\u0103 de poporul ucrainean pentru sacrificiile uria\u0219e pe care le-a f\u0103cut \u00een aceast\u0103 perioad\u0103 dificil\u0103. \u201eFamilii distruse, drame inimaginabile, vie\u021bi pierdute \u2013 toate acestea reprezint\u0103 sacrificii pentru care suntem recunosc\u0103tori poporului ucrainean\u201d, a declarat pre\u0219edintele.<\/p>\n<p>La finalul mesajului s\u0103u, Nicu\u0219or Dan a anun\u021bat c\u0103 Palatul Cotroceni va fi iluminat \u00een culorile drapelului ucrainean, un gest simbolic de solidaritate \u0219i sus\u021binere. <\/p>\n<p>\u00cen plus, <a style=\"color: #0000ff\" href=\"https:\/\/www.mediafax.ro\/stirile-zilei\/presedintele-nicusor-dan-va-participa-la-reuniunea-coalitiei-de-vointa-23691999\">Nicu\u0219or Dan<\/a> va participa mar\u021bi, \u00eencep\u00e2nd cu ora 13:00, la reuniunea Coali\u021biei de Voin\u021b\u0103, prin videoconferin\u021b\u0103.<\/p>\n","protected":false},"excerpt":{"rendered":"<p>Acum patru ani, Europa a fost martor\u0103 la un eveniment devastator: Rusia a lansat un atac asupra Ucrainei, inaugur\u00e2nd un r\u0103zboi nemilos \u00eempotriva unei na\u021biuni hot\u0103r\u00e2te s\u0103 nu cedeze. Acest mesaj a fost transmis mar\u021bi de pre\u0219edintele Nicu\u0219or Dan pe platforma Facebook. \u00cen postarea sa, Nicu\u0219or Dan a subliniat c\u0103 Ucraina \u201elupt\u0103 pentru noi to\u021bi\u201d [&hellip;]<\/p>\n","protected":false},"author":2,"featured_media":4933,"comment_status":"open","ping_status":"open","sticky":false,"template":"","format":"standard","meta":{"jnews-multi-image_gallery":[],"jnews_single_post":[],"jnews_primary_category":[],"jnews_override_counter":[],"footnotes":""},"categories":[39],"tags":[699,286,807,915,149,681,874,682],"class_list":["post-4932","post","type-post","status-publish","format-standard","has-post-thumbnail","hentry","category-stirile-zilei","tag-europa","tag-nicusor-dan","tag-pace","tag-razboi","tag-romania","tag-rusia","tag-securitate","tag-ucraina"],"_links":{"self":[{"href":"https:\/\/www.newsrecorder.ro\/app\/wp-json\/wp\/v2\/posts\/4932","targetHints":{"allow":["GET"]}}],"collection":[{"href":"https:\/\/www.newsrecorder.ro\/app\/wp-json\/wp\/v2\/posts"}],"about":[{"href":"https:\/\/www.newsrecorder.ro\/app\/wp-json\/wp\/v2\/types\/post"}],"author":[{"embeddable":true,"href":"https:\/\/www.newsrecorder.ro\/app\/wp-json\/wp\/v2\/users\/2"}],"replies":[{"embeddable":true,"href":"https:\/\/www.newsrecorder.ro\/app\/wp-json\/wp\/v2\/comments?post=4932"}],"version-history":[{"count":0,"href":"https:\/\/www.newsrecorder.ro\/app\/wp-json\/wp\/v2\/posts\/4932\/revisions"}],"wp:featuredmedia":[{"embeddable":true,"href":"https:\/\/www.newsrecorder.ro\/app\/wp-json\/wp\/v2\/media\/4933"}],"wp:attachment":[{"href":"https:\/\/www.newsrecorder.ro\/app\/wp-json\/wp\/v2\/media?parent=4932"}],"wp:term":[{"taxonomy":"category","embeddable":true,"href":"https:\/\/www.newsrecorder.ro\/app\/wp-json\/wp\/v2\/categories?post=4932"},{"taxonomy":"post_tag","embeddable":true,"href":"https:\/\/www.newsrecorder.ro\/app\/wp-json\/wp\/v2\/tags?post=4932"}],"curies":[{"name":"wp","href":"https:\/\/api.w.org\/{rel}","templated":true}]}}