{"id":4946,"date":"2026-02-24T15:07:43","date_gmt":"2026-02-24T15:07:43","guid":{"rendered":"https:\/\/www.newsrecorder.ro\/app\/2026\/02\/24\/primavara-aduce-caldura-ce-ne-asteapta-in-urmatoarele-patru-saptamani\/"},"modified":"2026-02-24T15:07:43","modified_gmt":"2026-02-24T15:07:43","slug":"primavara-aduce-caldura-ce-ne-asteapta-in-urmatoarele-patru-saptamani","status":"publish","type":"post","link":"https:\/\/www.newsrecorder.ro\/app\/2026\/02\/24\/primavara-aduce-caldura-ce-ne-asteapta-in-urmatoarele-patru-saptamani\/","title":{"rendered":"Prim\u0103vara aduce c\u0103ldur\u0103: Ce ne a\u0219teapt\u0103 \u00een urm\u0103toarele patru s\u0103pt\u0103m\u00e2ni?"},"content":{"rendered":"<p>\u00cen ultima s\u0103pt\u0103m\u00e2n\u0103 de iarn\u0103 \u0219i \u00een primele zile ale lunii martie, \u00eentre <strong>23 februarie \u0219i 2 martie<\/strong>, temperaturile vor fi mai sc\u0103zute dec\u00e2t media obi\u0219nuit\u0103 \u00een regiunile sud-estice ale \u021b\u0103rii. \u00cen schimb, \u00een regiunile vestice, se a\u0219teapt\u0103 valori termice u\u0219or mai ridicate, conform informa\u021biilor transmise de Administra\u021bia Na\u021bional\u0103 de Meteorologie (ANM). \u00cen restul \u021b\u0103rii, temperaturile vor r\u0103m\u00e2ne, \u00een general, apropiate de normalul sezonier.<\/p>\n<p>Regimul precipita\u021biilor va fi variabil, cu un surplus \u00een regiunile nordice \u0219i un deficit \u00een cele sudice. \u00cen majoritatea regiunilor, cantit\u0103\u021bile de precipita\u021bii vor fi apropiate de media obi\u0219nuit\u0103 pentru aceast\u0103 perioad\u0103.<\/p>\n<p>\u00cen s\u0103pt\u0103m\u00e2na <strong>2 \u2013 9 martie<\/strong>, meteorologii prezic c\u0103 temperaturile medii vor fi mai ridicate dec\u00e2t cele normale, cu o abatere termic\u0103 pozitiv\u0103 mai pronun\u021bat\u0103 \u00een regiunile vestice \u0219i nord-vestice. Din p\u0103cate, estim\u0103rile arat\u0103 c\u0103 precipita\u021biile vor fi deficitar la nivel na\u021bional \u00een acest interval.<\/p>\n<p>Pentru s\u0103pt\u0103m\u00e2na <strong>9 \u2013 16 martie<\/strong>, se a\u0219teapt\u0103 ca temperatura medie s\u0103 fie aproape de valorile normale pentru aceast\u0103 perioad\u0103 \u00een majoritatea zonelor. \u00cen regiunile vestice, regimul pluviometric va fi deficitar, \u00een timp ce \u00een restul \u021b\u0103rii, condi\u021biile vor fi apropiate de normal.<\/p>\n<p>\u00cen perioada <strong>16 \u2013 23 martie<\/strong>, se estimeaz\u0103 c\u0103 mediile temperaturilor vor fi u\u0219or superioare celor specifice acestei s\u0103pt\u0103m\u00e2ni, mai ales \u00een zonele intracarpatice. Totodat\u0103, cantit\u0103\u021bile de precipita\u021bii se vor men\u021bine \u00een apropierea mediei normale pentru acest interval \u00een toate regiunile.<\/p>\n<p>&nbsp;<\/p>\n","protected":false},"excerpt":{"rendered":"<p>\u00cen ultima s\u0103pt\u0103m\u00e2n\u0103 de iarn\u0103 \u0219i \u00een primele zile ale lunii martie, \u00eentre 23 februarie \u0219i 2 martie, temperaturile vor fi mai sc\u0103zute dec\u00e2t media obi\u0219nuit\u0103 \u00een regiunile sud-estice ale \u021b\u0103rii. \u00cen schimb, \u00een regiunile vestice, se a\u0219teapt\u0103 valori termice u\u0219or mai ridicate, conform informa\u021biilor transmise de Administra\u021bia Na\u021bional\u0103 de Meteorologie (ANM). \u00cen restul \u021b\u0103rii, [&hellip;]<\/p>\n","protected":false},"author":5,"featured_media":4947,"comment_status":"open","ping_status":"open","sticky":false,"template":"","format":"standard","meta":{"jnews-multi-image_gallery":[],"jnews_single_post":[],"jnews_primary_category":[],"jnews_override_counter":[],"footnotes":""},"categories":[45],"tags":[160,564,133,135,1961,1600,126,125],"class_list":["post-4946","post","type-post","status-publish","format-standard","has-post-thumbnail","hentry","category-meteo","tag-deficit","tag-iarna","tag-meteorologie","tag-precipitatii","tag-regiunile-sudice","tag-regiunile-vestice","tag-temperaturi","tag-vreme"],"_links":{"self":[{"href":"https:\/\/www.newsrecorder.ro\/app\/wp-json\/wp\/v2\/posts\/4946","targetHints":{"allow":["GET"]}}],"collection":[{"href":"https:\/\/www.newsrecorder.ro\/app\/wp-json\/wp\/v2\/posts"}],"about":[{"href":"https:\/\/www.newsrecorder.ro\/app\/wp-json\/wp\/v2\/types\/post"}],"author":[{"embeddable":true,"href":"https:\/\/www.newsrecorder.ro\/app\/wp-json\/wp\/v2\/users\/5"}],"replies":[{"embeddable":true,"href":"https:\/\/www.newsrecorder.ro\/app\/wp-json\/wp\/v2\/comments?post=4946"}],"version-history":[{"count":0,"href":"https:\/\/www.newsrecorder.ro\/app\/wp-json\/wp\/v2\/posts\/4946\/revisions"}],"wp:featuredmedia":[{"embeddable":true,"href":"https:\/\/www.newsrecorder.ro\/app\/wp-json\/wp\/v2\/media\/4947"}],"wp:attachment":[{"href":"https:\/\/www.newsrecorder.ro\/app\/wp-json\/wp\/v2\/media?parent=4946"}],"wp:term":[{"taxonomy":"category","embeddable":true,"href":"https:\/\/www.newsrecorder.ro\/app\/wp-json\/wp\/v2\/categories?post=4946"},{"taxonomy":"post_tag","embeddable":true,"href":"https:\/\/www.newsrecorder.ro\/app\/wp-json\/wp\/v2\/tags?post=4946"}],"curies":[{"name":"wp","href":"https:\/\/api.w.org\/{rel}","templated":true}]}}