{"id":4954,"date":"2026-02-24T19:08:49","date_gmt":"2026-02-24T19:08:49","guid":{"rendered":"https:\/\/www.newsrecorder.ro\/app\/2026\/02\/24\/alerta-anm-viscol-si-ninsori-puternice-in-jumatate-din-tara\/"},"modified":"2026-02-24T19:08:49","modified_gmt":"2026-02-24T19:08:49","slug":"alerta-anm-viscol-si-ninsori-puternice-in-jumatate-din-tara","status":"publish","type":"post","link":"https:\/\/www.newsrecorder.ro\/app\/2026\/02\/24\/alerta-anm-viscol-si-ninsori-puternice-in-jumatate-din-tara\/","title":{"rendered":"Alert\u0103 ANM: Viscol \u0219i ninsori puternice \u00een jum\u0103tate din \u021bar\u0103!"},"content":{"rendered":"<p>Noul anun\u021b al Administra\u021biei Na\u021bionale de Meteorologie (ANM) vine cu o alert\u0103 de Cod galben, avertiz\u00e2nd asupra viscolului intens \u0219i a precipita\u021biilor semnificative care afecteaz\u0103 deja regiunile lovite de v\u00e2nt \u0219i ninsoare.<\/p>\n<p>\u00cencep\u00e2nd cu aceast\u0103 dup\u0103-amiaz\u0103, v\u00e2ntul va prinde putere \u00een sudul Moldovei \u0219i \u00een Muntenia, extinz\u00e2ndu-se ulterior c\u0103tre Dobrogea \u0219i sud-estul Olteniei. Se estimeaz\u0103 ca rafalele s\u0103 ating\u0103 viteze de 50-60 km\/h, iar \u00een anumite zone, chiar 65-70 km\/h. \u00cen zonele afectate de viscol, vizibilitatea va sc\u0103dea dramatic, sub 100 de metri.<\/p>\n<p><strong>Ninsori \u0219i polei<\/strong><\/p>\n<p>\u00cen noaptea de vineri spre s\u00e2mb\u0103t\u0103, <a href=\"https:\/\/www.mediafax.ro\/meteo\/vremea-in-romania-pana-pe-23-martie-estimarile-anm-pentru-urmatoarele-patru-saptamani-23689979\">precipita\u021biile<\/a> vor \u00eencepe ca fiind mixte, cu un risc crescut de polei \u0219i ghe\u021bu\u0219, pentru ca ulterior s\u0103 se transforme \u00een ninsoare pe aproape \u00eentreg teritoriul, cu excep\u021bia litoralului. Se preconizeaz\u0103 ca stratul de z\u0103pad\u0103 s\u0103 ajung\u0103 la o grosime de 15-20 cm, iar cantit\u0103\u021bile de ap\u0103 acumulate vor varia \u00eentre 15 \u0219i 30 l\/mp.<\/p>\n<p><strong>Ger \u0219i temperaturi extreme<\/strong><\/p>\n<p>S\u00e2mb\u0103t\u0103, vremea se va r\u0103ci brusc \u00een majoritatea regiunilor \u021b\u0103rii. \u00cen sud \u0219i est, temperaturile maxime nu vor dep\u0103\u0219i -5 p\u00e2n\u0103 la 1 grad Celsius. De asemenea, minimele din noaptea de vineri spre s\u00e2mb\u0103t\u0103 vor sc\u0103dea p\u00e2n\u0103 la -12 grade \u00een nordul Moldovei \u0219i nord-estul Transilvaniei.<\/p>\n<p><strong>Informarea meteo \u00een vigoare<\/strong><\/p>\n<p>\u00cen plus, <a href=\"https:\/\/www.mediafax.ro\/meteo\/anm-informare-meteo-ploile-si-ninsorile-cuprind-toata-romania-pana-duminica-23689536\">informarea meteorologic\u0103<\/a> anterioar\u0103 r\u0103m\u00e2ne valabil\u0103 pentru \u00eentreaga \u021bar\u0103 p\u00e2n\u0103 duminic\u0103 diminea\u021ba, aceasta incluz\u00e2nd ninsori, polei, v\u00e2nt \u0219i viscol la munte, cu rafale ce pot atinge 70-90 km\/h la altitudini mari.<\/p>\n<p>\u00cen regiunile Banat \u0219i Cri\u0219ana, ploile vor fi predominante, \u00een timp ce Moldova \u0219i zonele montane vor fi afectate de ninsoare. \u00cen restul \u021b\u0103rii, pe parcursul zilei de vineri, precipita\u021biile vor fi \u00een principal sub form\u0103 de ploaie, dar \u00eencep\u00e2nd cu seara zilei de vineri \u0219i p\u00e2n\u0103 duminic\u0103 diminea\u021ba, ninsorile vor deveni predominante. Este de a\u0219teptat ca \u00een unele zone s\u0103 se acumuleze cantit\u0103\u021bi de ap\u0103 de 15-20 l\/mp, iar \u00een unele cazuri, chiar peste 25 l\/mp.<\/p>\n<p>De asemenea, pe suprafe\u021be restr\u00e2nse se va forma polei \u0219i ghe\u021bu\u0219, iar stratul de z\u0103pad\u0103 se va atinge grosimi medii de 5-15 cm.<\/p>\n<p>\u00cen data de vineri (20 februarie), v\u00e2ntul va prezenta intensific\u0103ri temporare \u00een regiunile vestice \u0219i la munte, iar ulterior, \u00eencep\u00e2nd cu orele amiezii \u0219i p\u00e2n\u0103 s\u00e2mb\u0103t\u0103 seara (21 februarie), se va extinde \u0219i \u00een regiunile estice \u0219i sud-estice, cu viteze de 40-55 km\/h \u0219i rafale de 70-90 km\/h la altitudini mari. \u00cen sud-estul \u021b\u0103rii, viscolul va determina o vizibilitate redus\u0103.<\/p>\n<p>Vineri (20 februarie), vremea se va men\u021bine rece \u00een jum\u0103tatea de nord a Moldovei, cu temperaturi maxime \u00eentre -3 \u0219i 2 grade. Minimele din noaptea de vineri spre s\u00e2mb\u0103t\u0103 (20\/21 februarie) vor varia \u00eentre -12 \u0219i 4 grade, cele mai sc\u0103zute valori fiind a\u0219teptate \u00een nordul Moldovei \u0219i nord-estul Transilvaniei. S\u00e2mb\u0103t\u0103 (21 februarie), temperaturile vor continua s\u0103 scad\u0103, devenind deosebit de reci \u00een sud \u0219i est, unde maximele se vor situa \u00eentre -5 \u0219i 1 grad.<\/p>\n","protected":false},"excerpt":{"rendered":"<p>Noul anun\u021b al Administra\u021biei Na\u021bionale de Meteorologie (ANM) vine cu o alert\u0103 de Cod galben, avertiz\u00e2nd asupra viscolului intens \u0219i a precipita\u021biilor semnificative care afecteaz\u0103 deja regiunile lovite de v\u00e2nt \u0219i ninsoare. \u00cencep\u00e2nd cu aceast\u0103 dup\u0103-amiaz\u0103, v\u00e2ntul va prinde putere \u00een sudul Moldovei \u0219i \u00een Muntenia, extinz\u00e2ndu-se ulterior c\u0103tre Dobrogea \u0219i sud-estul Olteniei. Se estimeaz\u0103 [&hellip;]<\/p>\n","protected":false},"author":5,"featured_media":4955,"comment_status":"open","ping_status":"open","sticky":false,"template":"","format":"standard","meta":{"jnews-multi-image_gallery":[],"jnews_single_post":[],"jnews_primary_category":[],"jnews_override_counter":[],"footnotes":""},"categories":[45],"tags":[196,133,743,136,135,126,137,1142],"class_list":["post-4954","post","type-post","status-publish","format-standard","has-post-thumbnail","hentry","category-meteo","tag-cod-galben","tag-meteorologie","tag-ninsoare","tag-polei","tag-precipitatii","tag-temperaturi","tag-vant","tag-viscol"],"_links":{"self":[{"href":"https:\/\/www.newsrecorder.ro\/app\/wp-json\/wp\/v2\/posts\/4954","targetHints":{"allow":["GET"]}}],"collection":[{"href":"https:\/\/www.newsrecorder.ro\/app\/wp-json\/wp\/v2\/posts"}],"about":[{"href":"https:\/\/www.newsrecorder.ro\/app\/wp-json\/wp\/v2\/types\/post"}],"author":[{"embeddable":true,"href":"https:\/\/www.newsrecorder.ro\/app\/wp-json\/wp\/v2\/users\/5"}],"replies":[{"embeddable":true,"href":"https:\/\/www.newsrecorder.ro\/app\/wp-json\/wp\/v2\/comments?post=4954"}],"version-history":[{"count":0,"href":"https:\/\/www.newsrecorder.ro\/app\/wp-json\/wp\/v2\/posts\/4954\/revisions"}],"wp:featuredmedia":[{"embeddable":true,"href":"https:\/\/www.newsrecorder.ro\/app\/wp-json\/wp\/v2\/media\/4955"}],"wp:attachment":[{"href":"https:\/\/www.newsrecorder.ro\/app\/wp-json\/wp\/v2\/media?parent=4954"}],"wp:term":[{"taxonomy":"category","embeddable":true,"href":"https:\/\/www.newsrecorder.ro\/app\/wp-json\/wp\/v2\/categories?post=4954"},{"taxonomy":"post_tag","embeddable":true,"href":"https:\/\/www.newsrecorder.ro\/app\/wp-json\/wp\/v2\/tags?post=4954"}],"curies":[{"name":"wp","href":"https:\/\/api.w.org\/{rel}","templated":true}]}}