{"id":4956,"date":"2026-02-24T19:09:17","date_gmt":"2026-02-24T19:09:17","guid":{"rendered":"https:\/\/www.newsrecorder.ro\/app\/2026\/02\/24\/bucuresti-sub-asediul-vremii-ploi-ninsori-si-ger-de-7-grade\/"},"modified":"2026-02-24T19:09:17","modified_gmt":"2026-02-24T19:09:17","slug":"bucuresti-sub-asediul-vremii-ploi-ninsori-si-ger-de-7-grade","status":"publish","type":"post","link":"https:\/\/www.newsrecorder.ro\/app\/2026\/02\/24\/bucuresti-sub-asediul-vremii-ploi-ninsori-si-ger-de-7-grade\/","title":{"rendered":"Bucure\u0219ti sub asediul vremii: Ploi, ninsori \u0219i ger de -7 grade!"},"content":{"rendered":"<p>\u00cen ziua de joi, Bucure\u0219tiul va fi sub un cer variabil, iar v\u00e2ntul va sufla \u00een general cu intensitate slab\u0103. Conform <a href=\"https:\/\/www.meteoromania.ro\/\" target=\"_blank\" rel=\"noopener\">prognozelor meteorologice<\/a>, temperatura maxim\u0103 se va \u00eenregistra \u00een jurul valorii de 4 grade Celsius, \u00een timp ce minima va oscila \u00eentre -7 \u0219i -5 grade.<\/p>\n<p>Vineri, vremea se va \u00eennora treptat, aduc\u00e2nd cu sine <a href=\"https:\/\/www.mediafax.ro\/meteo\/anm-informare-meteo-ploile-si-ninsorile-cuprind-toata-romania-pana-duminica-23689536\">precipita\u021bii<\/a> sub form\u0103 de ploaie, urmate de lapovi\u021b\u0103 \u0219i ninsoare. V\u00e2ntul va continua s\u0103 fie slab \u0219i moderat, dar se vor \u00eenregistra intensific\u0103ri seara \u0219i pe timpul nop\u021bii, cu viteze ce pot atinge 50-55 km\/h. Temperatura maxim\u0103 va varia \u00eentre 2 \u0219i 4 grade, iar minima se va situa \u00een intervalul -3 p\u00e2n\u0103 la -2 grade.<\/p>\n<p>S\u00e2mb\u0103t\u0103, vremea va deveni deosebit de rece, cu cer predominat noros \u0219i ninsori. \u00cen prima parte a zilei, v\u00e2ntul va avea intensific\u0103ri, ating\u00e2nd viteze de 40-45 km\/h. Temperatura maxim\u0103 va fi cuprins\u0103 \u00eentre -3 \u0219i -1 grad, iar temperatura minim\u0103 va oscila \u00eentre -5 \u0219i -3 grade.<\/p>\n<p>De asemenea, \u00eentre orele 10:00 din 19 februarie \u0219i 10:00 din 22 februarie, pentru Bucure\u0219ti este emis\u0103 o informare meteorologic\u0103 ce avertizeaz\u0103 asupra precipita\u021biilor moderate cantitativ, acumul\u0103rii de z\u0103pad\u0103, intensific\u0103rilor de v\u00e2nt \u0219i temperaturilor sc\u0103zute.<\/p>\n","protected":false},"excerpt":{"rendered":"<p>\u00cen ziua de joi, Bucure\u0219tiul va fi sub un cer variabil, iar v\u00e2ntul va sufla \u00een general cu intensitate slab\u0103. Conform prognozelor meteorologice, temperatura maxim\u0103 se va \u00eenregistra \u00een jurul valorii de 4 grade Celsius, \u00een timp ce minima va oscila \u00eentre -7 \u0219i -5 grade. Vineri, vremea se va \u00eennora treptat, aduc\u00e2nd cu sine [&hellip;]<\/p>\n","protected":false},"author":5,"featured_media":4957,"comment_status":"open","ping_status":"open","sticky":false,"template":"","format":"standard","meta":{"jnews-multi-image_gallery":[],"jnews_single_post":[],"jnews_primary_category":[],"jnews_override_counter":[],"footnotes":""},"categories":[45],"tags":[362,130,127,135,132,126,137,125],"class_list":["post-4956","post","type-post","status-publish","format-standard","has-post-thumbnail","hentry","category-meteo","tag-bucuresti","tag-cer-variabil","tag-ninsori","tag-precipitatii","tag-prognoza","tag-temperaturi","tag-vant","tag-vreme"],"_links":{"self":[{"href":"https:\/\/www.newsrecorder.ro\/app\/wp-json\/wp\/v2\/posts\/4956","targetHints":{"allow":["GET"]}}],"collection":[{"href":"https:\/\/www.newsrecorder.ro\/app\/wp-json\/wp\/v2\/posts"}],"about":[{"href":"https:\/\/www.newsrecorder.ro\/app\/wp-json\/wp\/v2\/types\/post"}],"author":[{"embeddable":true,"href":"https:\/\/www.newsrecorder.ro\/app\/wp-json\/wp\/v2\/users\/5"}],"replies":[{"embeddable":true,"href":"https:\/\/www.newsrecorder.ro\/app\/wp-json\/wp\/v2\/comments?post=4956"}],"version-history":[{"count":0,"href":"https:\/\/www.newsrecorder.ro\/app\/wp-json\/wp\/v2\/posts\/4956\/revisions"}],"wp:featuredmedia":[{"embeddable":true,"href":"https:\/\/www.newsrecorder.ro\/app\/wp-json\/wp\/v2\/media\/4957"}],"wp:attachment":[{"href":"https:\/\/www.newsrecorder.ro\/app\/wp-json\/wp\/v2\/media?parent=4956"}],"wp:term":[{"taxonomy":"category","embeddable":true,"href":"https:\/\/www.newsrecorder.ro\/app\/wp-json\/wp\/v2\/categories?post=4956"},{"taxonomy":"post_tag","embeddable":true,"href":"https:\/\/www.newsrecorder.ro\/app\/wp-json\/wp\/v2\/tags?post=4956"}],"curies":[{"name":"wp","href":"https:\/\/api.w.org\/{rel}","templated":true}]}}