{"id":4986,"date":"2026-02-24T20:11:08","date_gmt":"2026-02-24T20:11:08","guid":{"rendered":"https:\/\/www.newsrecorder.ro\/app\/2026\/02\/24\/gala-de-lansare-a-thrillerului-acel-martie-straluceste-la-castelul-peniscola\/"},"modified":"2026-02-24T20:11:08","modified_gmt":"2026-02-24T20:11:08","slug":"gala-de-lansare-a-thrillerului-acel-martie-straluceste-la-castelul-peniscola","status":"publish","type":"post","link":"https:\/\/www.newsrecorder.ro\/app\/2026\/02\/24\/gala-de-lansare-a-thrillerului-acel-martie-straluceste-la-castelul-peniscola\/","title":{"rendered":"Gala de lansare a thrillerului \u201eAcel Martie\u201d str\u0103luce\u0219te la Castelul Peniscola!"},"content":{"rendered":"<p lang=\"en-RO\" align=\"justify\">Pe covorul ro\u0219u al evenimentului, s-au remarcat nume cunoscute precum Esther Acebo, celebr\u0103 din serialul <em>La Casa de Papel<\/em>, Luke Roberts, cunoscut din <em>Game of Thrones<\/em>, \u0219i M\u0103d\u0103lina Bellariu-Ion, din <em>The Young Pope<\/em>. De asemenea, au fost prezen\u021bi Didi Anderson, al\u0103turi de Eduard Tric\u0103 \u0219i Bob R\u0103dulescu, precum \u0219i influenceri din Rom\u00e2nia \u0219i Spania.<\/p>\n<p align=\"justify\"><em>\u201eA fost o experien\u021b\u0103 \u00eenc\u00e2nt\u0103toare s\u0103 colaborez cu Iura \u0219i cu \u00eentreaga echip\u0103. To\u021bi au fost extraordinari, foarte profesioni\u0219ti, \u0219i au creat o atmosfer\u0103 cald\u0103 \u0219i familiar\u0103. De\u0219i nu \u0219tiam multe despre cinematografia rom\u00e2neasc\u0103, pot spune acum c\u0103 m-a\u0219 \u00eentoarce oric\u00e2nd s\u0103 filmez o produc\u021bie \u00een Rom\u00e2nia. Am \u00eenv\u0103\u021bat \u0219i c\u00e2teva cuvinte \u00een rom\u00e2n\u0103, iar preferatul meu este \u00abpupici\u00bb,\u201d<\/em> a declarat Esther Acebo.<\/p>\n<p>\u00centr-o not\u0103 emo\u021bionant\u0103, M\u0103d\u0103lina Bellariu a subliniat importan\u021ba acestui film, men\u021bion\u00e2nd c\u0103 este primul s\u0103u rol principal \u00eentr-o produc\u021bie rom\u00e2neasc\u0103. \u201eUna dintre cele mai mari \u00eempliniri este c\u0103 acest film transmite un mesaj interna\u021bional despre Rom\u00e2nia,\u201d a spus ea.<\/p>\n<p align=\"justify\">\u201ePremiera a fost ca \u00een pove\u0219ti. Publicul spaniol a reac\u021bionat cu entuziasm, iar rom\u00e2nii din sal\u0103 au ie\u0219it m\u00e2ndri. M-am bucurat enorm s\u0103 v\u0103d c\u0103 povestea noastr\u0103 rezoneaz\u0103 dincolo de grani\u021be,\u201d a ad\u0103ugat M\u0103d\u0103lina Bellariu-Ion, protagonista filmului.<\/p>\n<p align=\"justify\">Eduard Tric\u0103, actorul principal, a invitat publicul s\u0103 descopere acest film, descriindu-l ca o poveste curajoas\u0103 cu un mesaj profund. \u201eApreciez foarte mult produc\u0103torii pentru direc\u021bia \u00een care au mers; aceast\u0103 inten\u021bie merit\u0103 aplaudat\u0103,\u201d a spus el.<\/p>\n<p align=\"justify\">Bob R\u0103dulescu a eviden\u021biat calitatea produc\u021biei, afirm\u00e2nd: \u201eEste un film rom\u00e2nesc ce arat\u0103 a Hollywood. Calitatea imaginii, sunetul, cadrele \u2013 totul este la un nivel interna\u021bional.\u201d<\/p>\n<p align=\"justify\">Proiec\u021bia din Spania marcheaz\u0103 \u00eenceputul unei caravane na\u021bionale, programat\u0103 s\u0103 \u00eenceap\u0103 pe 1 martie. Aceasta va ajunge \u00een ora\u0219e precum Cluj (1 martie), Bra\u0219ov (2 martie), Sinaia (3 martie), Pite\u0219ti (4 martie), Bucure\u0219ti (5 martie), Craiova (6 martie), Timi\u0219oara (7 martie) \u0219i Oradea (8 martie).<\/p>\n<p align=\"justify\">\u201eDe\u0219i munca echipei de produc\u021bie s-a \u00eencheiat, acum \u00eencep emo\u021biile pentru noi. Sunt convins c\u0103 am realizat un film foarte bun, cu poten\u021bial interna\u021bional. \u00cei invit pe to\u021bi s\u0103 experimenteze \u00abAcel Martie\u00bb \u00een cinematografele din \u00eentreaga \u021bar\u0103,\u201d a declarat regizorul Iura Lunca\u0219u.<\/p>\n<p align=\"justify\">Filmul <em>Acel Martie<\/em> este un thriller rom\u00e2no-spaniol intens, filmat \u00een Cluj-Napoca \u0219i \u00een Spania, pe domeniul castelului Pe\u00f1\u00edscola. Acesta urm\u0103re\u0219te povestea lui Anabel Albu, interpretat\u0103 de M\u0103d\u0103lina Bellariu Ion, o agent\u0103 a serviciilor de informa\u021bii rom\u00e2ne\u0219ti, care are misiunea de a-l supraveghea pe Vlad Bratu (Eduard Tric\u0103), un cercet\u0103tor implicat \u00eentr-un proiect \u0219tiin\u021bific de importan\u021b\u0103 strategic\u0103.<\/p>\n<p align=\"justify\">Pe m\u0103sur\u0103 ce Vlad se str\u0103duie\u0219te s\u0103 protejeze descoperirea sa de a c\u0103dea \u00een m\u00e2inile unui stat care ar putea-o folosi \u00een scopuri de control \u0219i manipulare, Anabel se confrunt\u0103 cu o dilem\u0103 moral\u0103 \u00eentre loialitatea fa\u021b\u0103 de misiune \u0219i adev\u0103rul pe care \u00eencepe s\u0103-l descopere.<\/p>\n<p align=\"justify\">Distribu\u021bia filmului include actori interna\u021bionali care au jucat \u00een produc\u021bii celebre, precum Esther Acebo, Costas Mandylor, Luke Roberts \u0219i Didi Anderson, al\u0103turi de actori rom\u00e2ni precum M\u0103d\u0103lina Bellariu-Ion, Eduard Tric\u0103, Diana Sar, Bob R\u0103dulescu, Vlad Marin \u0219i C\u0103t\u0103lin Herlo.<\/p>\n<p align=\"justify\">Un element special al filmului <em>Acel Martie<\/em> este apari\u021bia fostului fotbalist Gic\u0103 Craioveanu, care colaboreaz\u0103 pentru a doua oar\u0103 cu regizorul Iura Lunca\u0219u.<\/p>\n<p align=\"justify\">Regizat de Iura Lunca\u0219u, filmul se bazeaz\u0103 pe romanul cu acela\u0219i nume scris de Olivia Od\u0103ianu. <em>\u201eCa autor, e un sentiment minunat s\u0103 observ emo\u021bia spectatorilor \u00eentr-un loc at\u00e2t de simbolic. A fost o sear\u0103 cu adev\u0103rat special\u0103. <em>Acel Martie<\/em> a prins via\u021b\u0103 \u00eentr-un decor spectaculos, iar \u00eent\u00e2lnirea cu publicul \u00een castelul din Pe\u00f1\u00edscola a transformat totul \u00eentr-o experien\u021b\u0103 de neuitat,\u201d<\/em> a declarat Olivia Od\u0103ianu.<\/p>\n<p align=\"justify\">Produc\u021bia filmului <em>Acel Martie<\/em> a fost posibil\u0103 datorit\u0103 sprijinului partenerilor \u0219i sponsorilor, printre care se num\u0103r\u0103 Devnest, Ostenweg, NIM Global Logistic, Home Garden, Hubertus, Hotel Castillo de Pe\u00f1\u00edscola, LYG Alphabet, Digi 24 \u0219i Phoenix Media, precum \u0219i al partenerilor institu\u021bionali, Prim\u0103ria Cluj-Napoca \u0219i Prim\u0103ria Pe\u00f1\u00edscola.<\/p>\n<p align=\"justify\">Realizat de KSM Production, filmul este o colaborare \u00eentre Nicu Claudiu Moldovan, Iura Lunca\u0219u, M\u0103d\u0103lina Bellariu Ion, Sorin Lungu \u0219i Bogdan M\u0103rginean. Fondat\u0103 \u00een 2024 la Cluj-Napoca, KSM Production vizeaz\u0103 dezvoltarea de produc\u021bii cinematografice cu deschidere interna\u021bional\u0103, iar <em>Acel Martie<\/em> marcheaz\u0103 un pas semnificativ \u00een aceast\u0103 direc\u021bie.<\/p>\n","protected":false},"excerpt":{"rendered":"<p>Pe covorul ro\u0219u al evenimentului, s-au remarcat nume cunoscute precum Esther Acebo, celebr\u0103 din serialul La Casa de Papel, Luke Roberts, cunoscut din Game of Thrones, \u0219i M\u0103d\u0103lina Bellariu-Ion, din The Young Pope. De asemenea, au fost prezen\u021bi Didi Anderson, al\u0103turi de Eduard Tric\u0103 \u0219i Bob R\u0103dulescu, precum \u0219i influenceri din Rom\u00e2nia \u0219i Spania. \u201eA [&hellip;]<\/p>\n","protected":false},"author":7,"featured_media":4987,"comment_status":"open","ping_status":"open","sticky":false,"template":"","format":"standard","meta":{"jnews-multi-image_gallery":[],"jnews_single_post":[],"jnews_primary_category":[],"jnews_override_counter":[],"footnotes":""},"categories":[43],"tags":[7564,7561,1191,7565,7562,7559,7563,7566],"class_list":["post-4986","post","type-post","status-publish","format-standard","has-post-thumbnail","hentry","category-cultura","tag-cinematografie-romaneasca","tag-covor-rosu","tag-esther-acebo","tag-experienta","tag-game-of-thrones","tag-influenceri","tag-la-casa-de-papel","tag-productie-in-romania"],"_links":{"self":[{"href":"https:\/\/www.newsrecorder.ro\/app\/wp-json\/wp\/v2\/posts\/4986","targetHints":{"allow":["GET"]}}],"collection":[{"href":"https:\/\/www.newsrecorder.ro\/app\/wp-json\/wp\/v2\/posts"}],"about":[{"href":"https:\/\/www.newsrecorder.ro\/app\/wp-json\/wp\/v2\/types\/post"}],"author":[{"embeddable":true,"href":"https:\/\/www.newsrecorder.ro\/app\/wp-json\/wp\/v2\/users\/7"}],"replies":[{"embeddable":true,"href":"https:\/\/www.newsrecorder.ro\/app\/wp-json\/wp\/v2\/comments?post=4986"}],"version-history":[{"count":0,"href":"https:\/\/www.newsrecorder.ro\/app\/wp-json\/wp\/v2\/posts\/4986\/revisions"}],"wp:featuredmedia":[{"embeddable":true,"href":"https:\/\/www.newsrecorder.ro\/app\/wp-json\/wp\/v2\/media\/4987"}],"wp:attachment":[{"href":"https:\/\/www.newsrecorder.ro\/app\/wp-json\/wp\/v2\/media?parent=4986"}],"wp:term":[{"taxonomy":"category","embeddable":true,"href":"https:\/\/www.newsrecorder.ro\/app\/wp-json\/wp\/v2\/categories?post=4986"},{"taxonomy":"post_tag","embeddable":true,"href":"https:\/\/www.newsrecorder.ro\/app\/wp-json\/wp\/v2\/tags?post=4986"}],"curies":[{"name":"wp","href":"https:\/\/api.w.org\/{rel}","templated":true}]}}