{"id":499,"date":"2026-01-23T20:24:29","date_gmt":"2026-01-23T20:24:29","guid":{"rendered":"https:\/\/www.newsrecorder.ro\/app\/2026\/01\/23\/trump-confunda-belgia-cu-belarus-in-consiliul-pentru-pace-ce-s-a-intamplat\/"},"modified":"2026-01-23T20:24:29","modified_gmt":"2026-01-23T20:24:29","slug":"trump-confunda-belgia-cu-belarus-in-consiliul-pentru-pace-ce-s-a-intamplat","status":"publish","type":"post","link":"https:\/\/www.newsrecorder.ro\/app\/2026\/01\/23\/trump-confunda-belgia-cu-belarus-in-consiliul-pentru-pace-ce-s-a-intamplat\/","title":{"rendered":"Trump confund\u0103 Belgia cu Belarus \u00een Consiliul pentru Pace! Ce s-a \u00eent\u00e2mplat?"},"content":{"rendered":"<p>Recent, Belgia a fost men\u021bionat\u0103 ca participant la \u201eConsiliul pentru Pace\u201d, ini\u021biativ\u0103 promovat\u0103 de pre\u0219edintele american Donald Trump. Aceast\u0103 informa\u021bie, \u00eens\u0103, s-a dovedit a fi o eroare, fiind rapid dezmin\u021bit\u0103 de ministrul de externe belgian, Maxime Pr\u00e9vot, dup\u0103 ce Casa Alb\u0103 a f\u0103cut public\u0103 o list\u0103 oficial\u0103 a \u021b\u0103rilor semnatare, conform <a href=\"https:\/\/www.lefigaro.fr\/international\/quand-donald-trump-invite-par-erreur-la-belgique-au-conseil-de-paix-au-lieu-de-la-bielorussie-20260123\" target=\"_blank\" rel=\"noopener\">Le Figaro<\/a>.<\/p>\n<p>\u201eBelgia NU a semnat tratatul Consiliului de Pace. Aceast\u0103 informa\u021bie este incorect\u0103. Ne dorim un r\u0103spuns european comun \u0219i coordonat. La fel ca multe alte \u021b\u0103ri europene, avem rezerve \u00een leg\u0103tur\u0103 cu aceast\u0103 propunere\u201d, a declarat Pr\u00e9vot pe platforma X.<\/p>\n<p dir=\"ltr\" lang=\"en\">\u2757\ufe0fBelgium has NOT signed the Charter of the Board of Peace. This announcement is incorrect.<\/p>\n<p>We wish for a common and coordinated European response. As many European countries, we have reservations to the proposal.<a href=\"https:\/\/twitter.com\/BelgiumMFA?ref_src=twsrc%5Etfw\">@BelgiumMFA<\/a><\/p>\n<p>\u2014 Maxime PREVOT (@prevotmaxime) <a href=\"https:\/\/twitter.com\/prevotmaxime\/status\/2014300654240477577?ref_src=twsrc%5Etfw\">January 22, 2026<\/a><\/p>\n<p>Se pare c\u0103 Belgia nu a fost niciodat\u0103 implicat\u0103 \u00een discu\u021biile privind acest Consiliu. Conform unei surse guvernamentale citate de Le Soir, administra\u021bia american\u0103 ar fi putut s\u0103 confunde Belgia cu Belarus, un aliat apropiat al Rusiei. De fapt, Bruxelles-ul nu a fost niciodat\u0103 contactat \u00een leg\u0103tur\u0103 cu acest proiect, fiind complet exclus din discu\u021bii.<\/p>\n<p>\u00cen timp ce mai mul\u021bi lideri au aderat la Consiliu, alte \u021b\u0103ri au ales s\u0103 a\u0219tepte \u0219i s\u0103 observe situa\u021bia. Canada a confirmat c\u0103 a primit o invita\u021bie, dar a specificat c\u0103 nu va \u201epl\u0103ti pentru un loc\u201d. Germania sus\u021bine necesitatea coordon\u0103rii cu partenerii europeni, iar China, de\u0219i nu \u0219i-a anun\u021bat pozi\u021bia, \u0219i-a reafirmat angajamentul fa\u021b\u0103 de un sistem interna\u021bional centrat pe ONU.<\/p>\n<p>Episodul \u00een care Belgia a fost confundat\u0103 cu Belarus nu este singular, amintind de alte gafe recente ale pre\u0219edintelui Trump. De exemplu, \u00een timpul discursului s\u0103u de la Forumul Economic Mondial de la <a href=\"https:\/\/www.mediafax.ro\/externe\/trump-retrage-invitatia-adresata-prim-ministrului-canadian-de-a-se-alatura-consiliului-pentru-pace-23675237\" target=\"_blank\" rel=\"noopener\">Davos<\/a>, Trump a confundat \u00een repetate r\u00e2nduri Groenlanda cu Islanda.<\/p>\n<p>Inten\u021bion\u00e2nd s\u0103 se refere la Groenlanda, un teritoriu autonom sub suveranitatea danez\u0103 \u0219i de mare interes pentru SUA, pre\u0219edintele a men\u021bionat, \u00een schimb, Islanda, o insul\u0103 suveran\u0103 situat\u0103 la peste 1.000 de kilometri distan\u021b\u0103, ceea ce subliniaz\u0103 confuziile frecvente din discursurile sale.<\/p>\n","protected":false},"excerpt":{"rendered":"<p>Recent, Belgia a fost men\u021bionat\u0103 ca participant la \u201eConsiliul pentru Pace\u201d, ini\u021biativ\u0103 promovat\u0103 de pre\u0219edintele american Donald Trump. Aceast\u0103 informa\u021bie, \u00eens\u0103, s-a dovedit a fi o eroare, fiind rapid dezmin\u021bit\u0103 de ministrul de externe belgian, Maxime Pr\u00e9vot, dup\u0103 ce Casa Alb\u0103 a f\u0103cut public\u0103 o list\u0103 oficial\u0103 a \u021b\u0103rilor semnatare, conform Le Figaro. \u201eBelgia NU [&hellip;]<\/p>\n","protected":false},"author":2,"featured_media":500,"comment_status":"open","ping_status":"open","sticky":false,"template":"","format":"standard","meta":{"jnews-multi-image_gallery":[],"jnews_single_post":[],"jnews_primary_category":[],"jnews_override_counter":[],"footnotes":""},"categories":[41],"tags":[755,315,31,760,757,756,759,758],"class_list":["post-499","post","type-post","status-publish","format-standard","has-post-thumbnail","hentry","category-externe","tag-belgia","tag-consiliul-pentru-pace","tag-jnews_demo_donald-trump","tag-erori","tag-maxime-prevot","tag-ministrul-de-externe","tag-raspuns-european","tag-tratatul"],"_links":{"self":[{"href":"https:\/\/www.newsrecorder.ro\/app\/wp-json\/wp\/v2\/posts\/499","targetHints":{"allow":["GET"]}}],"collection":[{"href":"https:\/\/www.newsrecorder.ro\/app\/wp-json\/wp\/v2\/posts"}],"about":[{"href":"https:\/\/www.newsrecorder.ro\/app\/wp-json\/wp\/v2\/types\/post"}],"author":[{"embeddable":true,"href":"https:\/\/www.newsrecorder.ro\/app\/wp-json\/wp\/v2\/users\/2"}],"replies":[{"embeddable":true,"href":"https:\/\/www.newsrecorder.ro\/app\/wp-json\/wp\/v2\/comments?post=499"}],"version-history":[{"count":0,"href":"https:\/\/www.newsrecorder.ro\/app\/wp-json\/wp\/v2\/posts\/499\/revisions"}],"wp:featuredmedia":[{"embeddable":true,"href":"https:\/\/www.newsrecorder.ro\/app\/wp-json\/wp\/v2\/media\/500"}],"wp:attachment":[{"href":"https:\/\/www.newsrecorder.ro\/app\/wp-json\/wp\/v2\/media?parent=499"}],"wp:term":[{"taxonomy":"category","embeddable":true,"href":"https:\/\/www.newsrecorder.ro\/app\/wp-json\/wp\/v2\/categories?post=499"},{"taxonomy":"post_tag","embeddable":true,"href":"https:\/\/www.newsrecorder.ro\/app\/wp-json\/wp\/v2\/tags?post=499"}],"curies":[{"name":"wp","href":"https:\/\/api.w.org\/{rel}","templated":true}]}}